{"id":15565,"date":"2006-11-24T00:00:00","date_gmt":"2006-11-23T23:00:00","guid":{"rendered":"http:\/\/ajmasquefa.atotarreu.com\/noticies\/santa-cecilia-a-les-escoles\/"},"modified":"2017-12-11T11:38:17","modified_gmt":"2017-12-11T10:38:17","slug":"santa-cecilia-a-les-escoles","status":"publish","type":"post","link":"http:\/\/masquefa.cat\/noticies\/santa-cecilia-a-les-escoles\/","title":{"rendered":"Santa Cecilia a les escoles"},"content":{"rendered":"<p>El dia 22 de novembre, dia de Santa Cecila la patrona dels m\u00fasics, es va celebrar a les escoles del nostre municipi.<\/p>\n<p><img decoding=\"async\" src=\"https:\/\/s3.eu-central-1.amazonaws.com\/ajmasquefa-multimedia-wp\/wp-historic-noticies\/uploads\/staceciliaturo206.JPG\" \/><\/p>\n<p>&nbsp;Al CEIP el Tur\u00f3 els infants van gaudir de la m\u00fasica d&#8217;un duet de veu i piano.<\/p>\n<p><img decoding=\"async\" src=\"https:\/\/s3.eu-central-1.amazonaws.com\/ajmasquefa-multimedia-wp\/wp-historic-noticies\/uploads\/staceciliabeguda472.JPG\" \/><\/p>\n<p><img decoding=\"async\" src=\"https:\/\/s3.eu-central-1.amazonaws.com\/ajmasquefa-multimedia-wp\/wp-historic-noticies\/uploads\/staceciliabeguda1134.JPG\" \/><\/p>\n<p>I els del&nbsp;CEIP Francesc Mata i Sangh&eacute;s van assistir, el dia 21,&nbsp;al Liceu de Barcelona a la representaci\u00f3 de &quot;Somiant el carnaval dels animals&quot; i el dia de Santa Cecilia&nbsp;van fer una actuaci\u00f3 musical, a l&#8217;envelat, per les fam\u00edlies.<\/p>\n<p>&nbsp;<\/p>\n<p>Els pares i la direcci\u00f3 de&nbsp;l&#8217;EBM La Baldufa de Masquefa ha organitzat pel dia 2 de desembre un esmorzar m\u00fasical. A les 10 del mat\u00ed al vest\u00edbul de l&#8217;escola es far&agrave; una audici\u00f3 musical i seguidament infants, m\u00fasics i families sortiran al pati a&nbsp;esmorzar, on els infants podran tocar i manipular els&nbsp;instruments.<\/p>\n<p>&nbsp;<\/p>\n","protected":false},"excerpt":{"rendered":"<p>El dia 22 de novembre, dia de Santa Cecila la patrona dels m\u00fasics, es va celebrar a les escoles del nostre municipi. &nbsp;Al CEIP el Tur\u00f3 els infants van gaudir de la m\u00fasica d&#8217;un duet de veu i piano. I els del&nbsp;CEIP Francesc Mata i Sangh&eacute;s van assistir, el dia 21,&nbsp;al Liceu de Barcelona a&hellip;<\/p>\n","protected":false},"author":7,"featured_media":0,"comment_status":"closed","ping_status":"open","sticky":false,"template":"","format":"standard","meta":[],"categories":[62],"tags":[],"_links":{"self":[{"href":"http:\/\/masquefa.cat\/noticies\/wp-json\/wp\/v2\/posts\/15565"}],"collection":[{"href":"http:\/\/masquefa.cat\/noticies\/wp-json\/wp\/v2\/posts"}],"about":[{"href":"http:\/\/masquefa.cat\/noticies\/wp-json\/wp\/v2\/types\/post"}],"author":[{"embeddable":true,"href":"http:\/\/masquefa.cat\/noticies\/wp-json\/wp\/v2\/users\/7"}],"replies":[{"embeddable":true,"href":"http:\/\/masquefa.cat\/noticies\/wp-json\/wp\/v2\/comments?post=15565"}],"version-history":[{"count":1,"href":"http:\/\/masquefa.cat\/noticies\/wp-json\/wp\/v2\/posts\/15565\/revisions"}],"predecessor-version":[{"id":20379,"href":"http:\/\/masquefa.cat\/noticies\/wp-json\/wp\/v2\/posts\/15565\/revisions\/20379"}],"wp:attachment":[{"href":"http:\/\/masquefa.cat\/noticies\/wp-json\/wp\/v2\/media?parent=15565"}],"wp:term":[{"taxonomy":"category","embeddable":true,"href":"http:\/\/masquefa.cat\/noticies\/wp-json\/wp\/v2\/categories?post=15565"},{"taxonomy":"post_tag","embeddable":true,"href":"http:\/\/masquefa.cat\/noticies\/wp-json\/wp\/v2\/tags?post=15565"}],"curies":[{"name":"wp","href":"https:\/\/api.w.org\/{rel}","templated":true}]}}