{"id":18674,"date":"2015-05-06T00:00:00","date_gmt":"2015-05-05T22:00:00","guid":{"rendered":"http:\/\/ajmasquefa.atotarreu.com\/noticies\/el-mediatic-cor-geriona-protagonitzara-el-17-de-maig-el-tercer-concert-de-masquefa-sona-be\/"},"modified":"2015-05-06T00:00:00","modified_gmt":"2015-05-05T22:00:00","slug":"el-mediatic-cor-geriona-protagonitzara-el-17-de-maig-el-tercer-concert-de-masquefa-sona-be","status":"publish","type":"post","link":"http:\/\/masquefa.cat\/noticies\/el-mediatic-cor-geriona-protagonitzara-el-17-de-maig-el-tercer-concert-de-masquefa-sona-be\/","title":{"rendered":"El medi\u00e0tic Cor Geriona protagonitzar\u00e0, el 17 de maig, el tercer concert de &#8216;Masquefa sona b\u00e9&#8217;"},"content":{"rendered":"<p style=\"text-align: justify;\"><a href=\"https:\/\/s3.eu-central-1.amazonaws.com\/ajmasquefa-multimedia-wp\/wp-historic-noticies\/uploads\/geriona_web867.jpg\" onclick=\"window.open(this.href);return false\"><img decoding=\"async\" style=\"border:0; margin-right:3;margin-bottom:3;float:left\" src=\"https:\/\/s3.eu-central-1.amazonaws.com\/ajmasquefa-multimedia-wp\/wp-historic-noticies\/uploads\/geriona_web867.jpg\" width=\"230\" alt=\"\" \/><\/a><\/p>\n<p style=\"text-align: justify;\">El Cor Geriona, molt popular des de la seva participaci&oacute; en el programa de TV3 &lsquo;Oh happy day!&rsquo; protagonitzar&agrave; el diumenge 17 de maig el tercer concert del cicle musical &lsquo;Masquefa sona b&eacute;&rsquo;. Actuar&agrave; a la Sala Polivalent de La F&agrave;brica Rogelio Rojo a partir de les 6 de la tarda. L&rsquo;entrada &eacute;s gratu&iuml;ta.<\/p>\n<p style=\"text-align: justify;\">Nascut l&rsquo;any 2001 a l&rsquo;Escola Municipal de M&uacute;sica de Girona, el Cor Geriona &eacute;s una formaci&oacute; musical formada per noies. Sota la direcci&oacute; d&rsquo;Imma Pascual ha aconseguit alts nivells de musicalitat. Han editat discs i no han parat d&rsquo;explorar diversos estils musicals, malgrat que mantenen les seves arrels al repertori cl&agrave;ssic. La seva prioritat &eacute;s oferir cant coral de qualitat. El treball, l&rsquo;expressi&oacute; i la passi&oacute; pel que fan permeten que l&rsquo;emoci&oacute; brolli de les seves veus amb aparent facilitat.<\/p>\n","protected":false},"excerpt":{"rendered":"<p>El Cor Geriona, molt popular des de la seva participaci&oacute; en el programa de TV3 &lsquo;Oh happy day!&rsquo; protagonitzar&agrave; el diumenge 17 de maig el tercer concert del cicle musical &lsquo;Masquefa sona b&eacute;&rsquo;. Actuar&agrave; a la Sala Polivalent de La F&agrave;brica Rogelio Rojo a partir de les 6 de la tarda. L&rsquo;entrada &eacute;s gratu&iuml;ta. Nascut&hellip;<\/p>\n","protected":false},"author":7,"featured_media":0,"comment_status":"closed","ping_status":"open","sticky":false,"template":"","format":"standard","meta":[],"categories":[1],"tags":[],"_links":{"self":[{"href":"http:\/\/masquefa.cat\/noticies\/wp-json\/wp\/v2\/posts\/18674"}],"collection":[{"href":"http:\/\/masquefa.cat\/noticies\/wp-json\/wp\/v2\/posts"}],"about":[{"href":"http:\/\/masquefa.cat\/noticies\/wp-json\/wp\/v2\/types\/post"}],"author":[{"embeddable":true,"href":"http:\/\/masquefa.cat\/noticies\/wp-json\/wp\/v2\/users\/7"}],"replies":[{"embeddable":true,"href":"http:\/\/masquefa.cat\/noticies\/wp-json\/wp\/v2\/comments?post=18674"}],"version-history":[{"count":0,"href":"http:\/\/masquefa.cat\/noticies\/wp-json\/wp\/v2\/posts\/18674\/revisions"}],"wp:attachment":[{"href":"http:\/\/masquefa.cat\/noticies\/wp-json\/wp\/v2\/media?parent=18674"}],"wp:term":[{"taxonomy":"category","embeddable":true,"href":"http:\/\/masquefa.cat\/noticies\/wp-json\/wp\/v2\/categories?post=18674"},{"taxonomy":"post_tag","embeddable":true,"href":"http:\/\/masquefa.cat\/noticies\/wp-json\/wp\/v2\/tags?post=18674"}],"curies":[{"name":"wp","href":"https:\/\/api.w.org\/{rel}","templated":true}]}}