{"id":21369,"date":"2018-05-09T14:03:52","date_gmt":"2018-05-09T12:03:52","guid":{"rendered":"http:\/\/masquefa.cat\/noticies\/?p=21369"},"modified":"2018-05-09T14:03:52","modified_gmt":"2018-05-09T12:03:52","slug":"vine-i-participa-en-el-taller-estimal-autoestima-i-adolescencia","status":"publish","type":"post","link":"http:\/\/masquefa.cat\/noticies\/vine-i-participa-en-el-taller-estimal-autoestima-i-adolescencia\/","title":{"rendered":"Vine i participa en el taller &#8216;Estima\u2019l: autoestima i adolesc\u00e8ncia\u2019"},"content":{"rendered":"<p><strong>La Biblioteca de l\u2019Institut de Masquefa acollir\u00e0 dimecres 23 de maig de les 18 a les 20h una acci\u00f3 formativa adre\u00e7ada als pares i mares amb fills entre els 10 i els 16 anys. <\/strong><\/p>\n<p>Amb l&#8217;objectiu de donar suport a la tasca educativa de la fam\u00edlia i promoure estrat\u00e8gies que afavoreixin el desenvolupament integral dels infants i joves, l&#8217;<strong>Escola de Mares i Pares <\/strong>impulsa aquest mes de maig el taller <strong>&#8216;Estima\u2019l: autoestima i adolesc\u00e8ncia\u2019 <\/strong>amb el suport de la <strong>Regidoria d&#8217;Educaci\u00f3<\/strong> de l&#8217;<strong>Ajuntament de Masquefa <\/strong>i la <strong>Diputaci\u00f3 de Barcelona<\/strong>.<\/p>\n<p>L&#8217;Ajuntament anima als pares i mares a participar d&#8217;aquest taller que t\u00e9 la voluntat de prendre\u00a0 consci\u00e8ncia de la import\u00e0ncia d\u2019una bona autoestima i de la influ\u00e8ncia de l\u2019autoestima personal en els nostres fills i filles.<\/p>\n<p>Totes aquelles persones interessades a inscriure&#8217;s en el taller poden enviar un correu electr\u00f2nic a l&#8217;adre\u00e7a <strong>educacio@masquefa.net<\/strong>, indicant el nombre d&#8217;assistents, o b\u00e9 trucar al tel\u00e8fon <strong>93 772 50 30<\/strong>.<\/p>\n","protected":false},"excerpt":{"rendered":"<p>La Biblioteca de l\u2019Institut de Masquefa acollir\u00e0 dimecres 23 de maig de les 18 a les 20h una acci\u00f3 formativa adre\u00e7ada als pares i mares amb fills entre els 10 i els 16 anys. Amb l&#8217;objectiu de donar suport a la tasca educativa de la fam\u00edlia i promoure estrat\u00e8gies que afavoreixin el desenvolupament integral dels&hellip;<\/p>\n","protected":false},"author":7,"featured_media":21370,"comment_status":"closed","ping_status":"open","sticky":false,"template":"","format":"standard","meta":[],"categories":[96,62,1],"tags":[],"_links":{"self":[{"href":"http:\/\/masquefa.cat\/noticies\/wp-json\/wp\/v2\/posts\/21369"}],"collection":[{"href":"http:\/\/masquefa.cat\/noticies\/wp-json\/wp\/v2\/posts"}],"about":[{"href":"http:\/\/masquefa.cat\/noticies\/wp-json\/wp\/v2\/types\/post"}],"author":[{"embeddable":true,"href":"http:\/\/masquefa.cat\/noticies\/wp-json\/wp\/v2\/users\/7"}],"replies":[{"embeddable":true,"href":"http:\/\/masquefa.cat\/noticies\/wp-json\/wp\/v2\/comments?post=21369"}],"version-history":[{"count":1,"href":"http:\/\/masquefa.cat\/noticies\/wp-json\/wp\/v2\/posts\/21369\/revisions"}],"predecessor-version":[{"id":21371,"href":"http:\/\/masquefa.cat\/noticies\/wp-json\/wp\/v2\/posts\/21369\/revisions\/21371"}],"wp:featuredmedia":[{"embeddable":true,"href":"http:\/\/masquefa.cat\/noticies\/wp-json\/wp\/v2\/media\/21370"}],"wp:attachment":[{"href":"http:\/\/masquefa.cat\/noticies\/wp-json\/wp\/v2\/media?parent=21369"}],"wp:term":[{"taxonomy":"category","embeddable":true,"href":"http:\/\/masquefa.cat\/noticies\/wp-json\/wp\/v2\/categories?post=21369"},{"taxonomy":"post_tag","embeddable":true,"href":"http:\/\/masquefa.cat\/noticies\/wp-json\/wp\/v2\/tags?post=21369"}],"curies":[{"name":"wp","href":"https:\/\/api.w.org\/{rel}","templated":true}]}}