{"id":21755,"date":"2018-08-14T15:53:44","date_gmt":"2018-08-14T13:53:44","guid":{"rendered":"http:\/\/masquefa.cat\/noticies\/?p=21755"},"modified":"2018-08-14T15:55:19","modified_gmt":"2018-08-14T13:55:19","slug":"masquefa-amb-les-victimes-del-17-a-un-any-despres-dels-atemptats","status":"publish","type":"post","link":"http:\/\/masquefa.cat\/noticies\/masquefa-amb-les-victimes-del-17-a-un-any-despres-dels-atemptats\/","title":{"rendered":"Masquefa, amb les v\u00edctimes del 17-A un any despr\u00e9s dels atemptats"},"content":{"rendered":"<p><strong>Divendres 17 d\u2019agost al migdia l\u2019Ajuntament guardar\u00e0 cinc minuts de silenci davant del consistori com a mostra de solidaritat amb les v\u00edctimes i de rebuig al terrorisme. Aquell mateix dia, Barcelona i Cambrils acolliran diferents concentracions populars.<\/strong><\/p>\n<p>L\u2019<strong>Ajuntament de Masquefa <\/strong>vol expressar el seu condol en la commemoraci\u00f3 del <strong>primer aniversari dels atemptats de Barcelona i Cambrils<\/strong>, a la vegada que vol mostrar el seu absolut rebuig al terrorisme i a qualsevol forma de viol\u00e8ncia.<\/p>\n<p>Per aquest motiu, se suma al <strong><u><a href=\"https:\/\/www.acm.cat\/sites\/default\/files\/manual_uploads\/actualitat\/manifest_acm_atemptats-bcn-cambrils.pdf\">manifest conjunt elaborat per l\u2019Associaci\u00f3 Catalana de Municipis<\/a> <\/u><\/strong>i convoca a tots els masquefins a participar divendres <strong>17 d\u2019agost<\/strong>, a partir de les <strong>12 del migdia<\/strong>, de <strong>cinc minuts de silenci davant del consistori <\/strong>en mem\u00f2ria de les v\u00edctimes, en defensa de la pau i la democr\u00e0cia i de rebuig al terrorisme. Aix\u00ed mateix, convida els ve\u00efns a sumar-se a les <strong>concentracions populars<\/strong> que hi haur\u00e0 a la Rambla de Barcelona i a Cambrils aquell mateix dia.<\/p>\n<p>Aix\u00ed, el consistori vol fer un reconeixement a la tasca realitzada per les forces i cossos de seguretat tant de la Generalitat com dels ajuntaments de Barcelona i Cambrils, que varen dur a terme les seves funcions d\u2019una manera extraordin\u00e0ria i en un context extremadament complicat. L\u2019Ajuntament, finalment, fa p\u00fablica, de nou, la seva solidaritat amb les v\u00edctimes i les seves fam\u00edlies, tot mostrant l\u2019esperan\u00e7a que uns fets tan tr\u00e0gics mai es tornin a repetir.<\/p>\n","protected":false},"excerpt":{"rendered":"<p>Divendres 17 d\u2019agost al migdia l\u2019Ajuntament guardar\u00e0 cinc minuts de silenci davant del consistori com a mostra de solidaritat amb les v\u00edctimes i de rebuig al terrorisme. Aquell mateix dia, Barcelona i Cambrils acolliran diferents concentracions populars. L\u2019Ajuntament de Masquefa vol expressar el seu condol en la commemoraci\u00f3 del primer aniversari dels atemptats de Barcelona&hellip;<\/p>\n","protected":false},"author":7,"featured_media":21757,"comment_status":"closed","ping_status":"open","sticky":false,"template":"","format":"standard","meta":[],"categories":[96,1,54],"tags":[],"_links":{"self":[{"href":"http:\/\/masquefa.cat\/noticies\/wp-json\/wp\/v2\/posts\/21755"}],"collection":[{"href":"http:\/\/masquefa.cat\/noticies\/wp-json\/wp\/v2\/posts"}],"about":[{"href":"http:\/\/masquefa.cat\/noticies\/wp-json\/wp\/v2\/types\/post"}],"author":[{"embeddable":true,"href":"http:\/\/masquefa.cat\/noticies\/wp-json\/wp\/v2\/users\/7"}],"replies":[{"embeddable":true,"href":"http:\/\/masquefa.cat\/noticies\/wp-json\/wp\/v2\/comments?post=21755"}],"version-history":[{"count":2,"href":"http:\/\/masquefa.cat\/noticies\/wp-json\/wp\/v2\/posts\/21755\/revisions"}],"predecessor-version":[{"id":21758,"href":"http:\/\/masquefa.cat\/noticies\/wp-json\/wp\/v2\/posts\/21755\/revisions\/21758"}],"wp:featuredmedia":[{"embeddable":true,"href":"http:\/\/masquefa.cat\/noticies\/wp-json\/wp\/v2\/media\/21757"}],"wp:attachment":[{"href":"http:\/\/masquefa.cat\/noticies\/wp-json\/wp\/v2\/media?parent=21755"}],"wp:term":[{"taxonomy":"category","embeddable":true,"href":"http:\/\/masquefa.cat\/noticies\/wp-json\/wp\/v2\/categories?post=21755"},{"taxonomy":"post_tag","embeddable":true,"href":"http:\/\/masquefa.cat\/noticies\/wp-json\/wp\/v2\/tags?post=21755"}],"curies":[{"name":"wp","href":"https:\/\/api.w.org\/{rel}","templated":true}]}}