{"id":21822,"date":"2018-09-05T13:21:12","date_gmt":"2018-09-05T11:21:12","guid":{"rendered":"http:\/\/masquefa.cat\/noticies\/?p=21822"},"modified":"2018-09-05T13:21:12","modified_gmt":"2018-09-05T11:21:12","slug":"aquest-curs-20182019-tornen-a-masquefa-els-espais-familiars","status":"publish","type":"post","link":"http:\/\/masquefa.cat\/noticies\/aquest-curs-20182019-tornen-a-masquefa-els-espais-familiars\/","title":{"rendered":"Aquest curs 2018\/2019 tornen a Masquefa els Espais Familiars"},"content":{"rendered":"<p><strong>El servei ofereix suport a les fam\u00edlies amb infants de 0 a 3 anys que no porten els seus fills a l&#8217;escola bressol per\u00f2 volen que aquests comparteixin estones de joc i aprenentatge amb altres nens i nenes. Tamb\u00e9 representa un punt de trobada per a pares i mares amb ganes d&#8217;intercanviar experi\u00e8ncies, dubtes i neguits sobre la crian\u00e7a i l\u2019educaci\u00f3 dels fills i filles.\u00a0<\/strong><a href=\"https:\/\/ajmasquefa-multimedia-wp.s3.eu-central-1.amazonaws.com\/wp-content\/uploads\/sites\/22\/2018\/09\/05132036\/D%C3%ADptic-Espais-Familiars-2018-2019.pdf\"><em>Consulta el d\u00edptic informatiu.<\/em><\/a><\/p>\n<p>L\u2019Ajuntament de Masquefa torna a posar en marxa aquest curs 2018\/2019 els <strong>Espais Familiars<\/strong>, un servei que ofereix <strong>assessorament i suport als pares i mares en la crian\u00e7a i l\u2019educaci\u00f3 dels seus fills i filles de 0 a 3 anys<\/strong>. Les sessions comen\u00e7aran el <strong>2 i 3 d\u2019octubre<\/strong> i es faran a l\u2019<strong>Escola Bressol Municipal La Baldufa <\/strong>(C\/ Rogelio Rojo, 30) dos cops per setmana: cada dimarts, de les 09:30 h. a les 11:30 h., per als infants 2 a 18 mesos; i dimecres, de 09:30 h. a 11:30 h., per als de 18 a 36 mesos.<\/p>\n<p>Les fam\u00edlies interessades podran fer les <strong>inscripcions del 24 al 28 de setembre<\/strong> a la mateixa Escola Bressol Municipal La Baldufa de 09:30 h. a 12 h. El preu del servei \u00e9s de <strong>10 euros mensuals<\/strong>.<\/p>\n<p>Per a m\u00e9s informaci\u00f3, podeu adre\u00e7ar-vos al centre o trucar al 93 772 50 11. A m\u00e9s, el dia <strong>20 de setembre<\/strong>, de les 10 h. a les 12 h., es far\u00e0 una primera <strong>sessi\u00f3 de portes obertes<\/strong> per tal que tots els pares i mares que ho desitgin puguin assistir als Espais Familiars i veure el funcionament d\u2019aquest servei i els avantatges i beneficis que comporta tant per als pares i mares com per als mateixos infants.<\/p>\n<p>Els Espais Familiars compten amb el suport d\u2019una educadora especialista en primer cicle d\u2019educaci\u00f3 infantil, la qual s\u2019encarrega de dinamitzar les sessions. Els mateixos pares i mares participants s\u00f3n els qui proposen els diversos temes a tractar, com per exemple l\u2019alletament, l\u2019alimentaci\u00f3, la son, les rebequeries i els l\u00edmits, el control d\u2019esf\u00ednters, els h\u00e0bits o l\u2019inici de l\u2019escola, entre molts altres.<\/p>\n","protected":false},"excerpt":{"rendered":"<p>El servei ofereix suport a les fam\u00edlies amb infants de 0 a 3 anys que no porten els seus fills a l&#8217;escola bressol per\u00f2 volen que aquests comparteixin estones de joc i aprenentatge amb altres nens i nenes. Tamb\u00e9 representa un punt de trobada per a pares i mares amb ganes d&#8217;intercanviar experi\u00e8ncies, dubtes i&hellip;<\/p>\n","protected":false},"author":7,"featured_media":21823,"comment_status":"closed","ping_status":"open","sticky":false,"template":"","format":"standard","meta":[],"categories":[96,62,1],"tags":[],"_links":{"self":[{"href":"http:\/\/masquefa.cat\/noticies\/wp-json\/wp\/v2\/posts\/21822"}],"collection":[{"href":"http:\/\/masquefa.cat\/noticies\/wp-json\/wp\/v2\/posts"}],"about":[{"href":"http:\/\/masquefa.cat\/noticies\/wp-json\/wp\/v2\/types\/post"}],"author":[{"embeddable":true,"href":"http:\/\/masquefa.cat\/noticies\/wp-json\/wp\/v2\/users\/7"}],"replies":[{"embeddable":true,"href":"http:\/\/masquefa.cat\/noticies\/wp-json\/wp\/v2\/comments?post=21822"}],"version-history":[{"count":1,"href":"http:\/\/masquefa.cat\/noticies\/wp-json\/wp\/v2\/posts\/21822\/revisions"}],"predecessor-version":[{"id":21825,"href":"http:\/\/masquefa.cat\/noticies\/wp-json\/wp\/v2\/posts\/21822\/revisions\/21825"}],"wp:featuredmedia":[{"embeddable":true,"href":"http:\/\/masquefa.cat\/noticies\/wp-json\/wp\/v2\/media\/21823"}],"wp:attachment":[{"href":"http:\/\/masquefa.cat\/noticies\/wp-json\/wp\/v2\/media?parent=21822"}],"wp:term":[{"taxonomy":"category","embeddable":true,"href":"http:\/\/masquefa.cat\/noticies\/wp-json\/wp\/v2\/categories?post=21822"},{"taxonomy":"post_tag","embeddable":true,"href":"http:\/\/masquefa.cat\/noticies\/wp-json\/wp\/v2\/tags?post=21822"}],"curies":[{"name":"wp","href":"https:\/\/api.w.org\/{rel}","templated":true}]}}