{"id":21917,"date":"2018-10-03T15:39:08","date_gmt":"2018-10-03T13:39:08","guid":{"rendered":"http:\/\/masquefa.cat\/noticies\/?p=21917"},"modified":"2018-10-03T15:39:08","modified_gmt":"2018-10-03T13:39:08","slug":"el-punt-dinformacio-juvenil-estrena-nou-horari","status":"publish","type":"post","link":"http:\/\/masquefa.cat\/noticies\/el-punt-dinformacio-juvenil-estrena-nou-horari\/","title":{"rendered":"El Punt d\u2019Informaci\u00f3 Juvenil estrena nou horari"},"content":{"rendered":"<p><strong>El servei, de car\u00e0cter gratu\u00eft, ofereix <\/strong><strong>assessorament als joves en mat\u00e8ria de formaci\u00f3, feina, salut, participaci\u00f3 i associacionisme i oci i temps lliure. <\/strong><\/p>\n<p>El <strong>Casal de Joves de Masquefa<\/strong> ofereix un servei dirigit al col\u00b7lectiu juvenil del municipi: el <strong>Punt d\u2019Informaci\u00f3 Juvenil<\/strong> (PIJ). El PIJ \u00e9s un servei gratu\u00eft que va adre\u00e7at a <strong>joves fins als 35 anys<\/strong> i que ofereix informaci\u00f3 i assessorament sobre:<\/p>\n<p>. <strong>Formaci\u00f3<\/strong>: orientacions acad\u00e8miques, tramitaci\u00f3 de beques&#8230;<\/p>\n<p>. <strong>Feina<\/strong>: ofertes laborals, inscripci\u00f3 a la Garantia juvenil, formaci\u00f3 ocupacional&#8230;<\/p>\n<p>. <strong>Salut<\/strong><\/p>\n<p>. <strong>Participaci\u00f3 i associacionisme<\/strong><\/p>\n<p>. <strong>Oci i temps lliure<\/strong><\/p>\n<p><strong><u>Com en puc fer \u00fas?<\/u><\/strong><\/p>\n<p>Per tramitar el servei es pot acudir de forma <strong>presencial<\/strong> al PIJ, situat al Casal de Joves de Masquefa (c\/Santa Clara, 16-22) en horari de 09 h. a 14 h. (tots els dimecres, amb cita pr\u00e8via) o de 16 h. a 19 h. (els dimarts, dijous i divendres).<\/p>\n<p>Tamb\u00e9 es pot trucar al tel\u00e8fon <strong>93 772 85 21<\/strong> o enviar un missatge a trav\u00e9s de la plataforma WhatsApp al n\u00famero <strong>671 060 976<\/strong>. Finalment, tamb\u00e9 es pot enviar un correu electr\u00f2nic a l&#8217;adre\u00e7a <strong><a href=\"mailto:joventut@masquefa.net\">joventut@masquefa.net<\/a><\/strong>.<\/p>\n","protected":false},"excerpt":{"rendered":"<p>El servei, de car\u00e0cter gratu\u00eft, ofereix assessorament als joves en mat\u00e8ria de formaci\u00f3, feina, salut, participaci\u00f3 i associacionisme i oci i temps lliure. El Casal de Joves de Masquefa ofereix un servei dirigit al col\u00b7lectiu juvenil del municipi: el Punt d\u2019Informaci\u00f3 Juvenil (PIJ). El PIJ \u00e9s un servei gratu\u00eft que va adre\u00e7at a joves fins&hellip;<\/p>\n","protected":false},"author":7,"featured_media":21918,"comment_status":"closed","ping_status":"open","sticky":false,"template":"","format":"standard","meta":[],"categories":[96,1,65],"tags":[],"_links":{"self":[{"href":"http:\/\/masquefa.cat\/noticies\/wp-json\/wp\/v2\/posts\/21917"}],"collection":[{"href":"http:\/\/masquefa.cat\/noticies\/wp-json\/wp\/v2\/posts"}],"about":[{"href":"http:\/\/masquefa.cat\/noticies\/wp-json\/wp\/v2\/types\/post"}],"author":[{"embeddable":true,"href":"http:\/\/masquefa.cat\/noticies\/wp-json\/wp\/v2\/users\/7"}],"replies":[{"embeddable":true,"href":"http:\/\/masquefa.cat\/noticies\/wp-json\/wp\/v2\/comments?post=21917"}],"version-history":[{"count":1,"href":"http:\/\/masquefa.cat\/noticies\/wp-json\/wp\/v2\/posts\/21917\/revisions"}],"predecessor-version":[{"id":21919,"href":"http:\/\/masquefa.cat\/noticies\/wp-json\/wp\/v2\/posts\/21917\/revisions\/21919"}],"wp:featuredmedia":[{"embeddable":true,"href":"http:\/\/masquefa.cat\/noticies\/wp-json\/wp\/v2\/media\/21918"}],"wp:attachment":[{"href":"http:\/\/masquefa.cat\/noticies\/wp-json\/wp\/v2\/media?parent=21917"}],"wp:term":[{"taxonomy":"category","embeddable":true,"href":"http:\/\/masquefa.cat\/noticies\/wp-json\/wp\/v2\/categories?post=21917"},{"taxonomy":"post_tag","embeddable":true,"href":"http:\/\/masquefa.cat\/noticies\/wp-json\/wp\/v2\/tags?post=21917"}],"curies":[{"name":"wp","href":"https:\/\/api.w.org\/{rel}","templated":true}]}}