{"id":21996,"date":"2018-11-05T10:33:03","date_gmt":"2018-11-05T09:33:03","guid":{"rendered":"http:\/\/masquefa.cat\/noticies\/?p=21996"},"modified":"2018-11-05T10:33:03","modified_gmt":"2018-11-05T09:33:03","slug":"tens-problemes-en-la-recepcio-del-senyal-de-televisio","status":"publish","type":"post","link":"http:\/\/masquefa.cat\/noticies\/tens-problemes-en-la-recepcio-del-senyal-de-televisio\/","title":{"rendered":"Tens problemes en la recepci\u00f3 del senyal de televisi\u00f3?"},"content":{"rendered":"<p><strong>Tots aquells ve\u00efns que tinguin problemes en la recepci\u00f3 del senyal de televisi\u00f3 als seus domicilis o establiments, poden trucar al tel\u00e8fon gratu\u00eft 900 833 999 -de dilluns a dissabte, de 09 h. a 22 h.- on atendran les seves incid\u00e8ncies sense cap cost.<\/strong><\/p>\n","protected":false},"excerpt":{"rendered":"<p>Tots aquells ve\u00efns que tinguin problemes en la recepci\u00f3 del senyal de televisi\u00f3 als seus domicilis o establiments, poden trucar al tel\u00e8fon gratu\u00eft 900 833 999 -de dilluns a dissabte, de 09 h. a 22 h.- on atendran les seves incid\u00e8ncies sense cap cost.<\/p>\n","protected":false},"author":7,"featured_media":21997,"comment_status":"closed","ping_status":"open","sticky":false,"template":"","format":"standard","meta":[],"categories":[96,1,54],"tags":[],"_links":{"self":[{"href":"http:\/\/masquefa.cat\/noticies\/wp-json\/wp\/v2\/posts\/21996"}],"collection":[{"href":"http:\/\/masquefa.cat\/noticies\/wp-json\/wp\/v2\/posts"}],"about":[{"href":"http:\/\/masquefa.cat\/noticies\/wp-json\/wp\/v2\/types\/post"}],"author":[{"embeddable":true,"href":"http:\/\/masquefa.cat\/noticies\/wp-json\/wp\/v2\/users\/7"}],"replies":[{"embeddable":true,"href":"http:\/\/masquefa.cat\/noticies\/wp-json\/wp\/v2\/comments?post=21996"}],"version-history":[{"count":1,"href":"http:\/\/masquefa.cat\/noticies\/wp-json\/wp\/v2\/posts\/21996\/revisions"}],"predecessor-version":[{"id":21998,"href":"http:\/\/masquefa.cat\/noticies\/wp-json\/wp\/v2\/posts\/21996\/revisions\/21998"}],"wp:featuredmedia":[{"embeddable":true,"href":"http:\/\/masquefa.cat\/noticies\/wp-json\/wp\/v2\/media\/21997"}],"wp:attachment":[{"href":"http:\/\/masquefa.cat\/noticies\/wp-json\/wp\/v2\/media?parent=21996"}],"wp:term":[{"taxonomy":"category","embeddable":true,"href":"http:\/\/masquefa.cat\/noticies\/wp-json\/wp\/v2\/categories?post=21996"},{"taxonomy":"post_tag","embeddable":true,"href":"http:\/\/masquefa.cat\/noticies\/wp-json\/wp\/v2\/tags?post=21996"}],"curies":[{"name":"wp","href":"https:\/\/api.w.org\/{rel}","templated":true}]}}