{"id":22137,"date":"2018-11-21T16:26:03","date_gmt":"2018-11-21T15:26:03","guid":{"rendered":"http:\/\/masquefa.cat\/noticies\/?p=22137"},"modified":"2018-12-17T11:25:17","modified_gmt":"2018-12-17T10:25:17","slug":"masquefa-un-any-mes-al-costat-de-la-marato-de-tv3-2","status":"publish","type":"post","link":"http:\/\/masquefa.cat\/noticies\/masquefa-un-any-mes-al-costat-de-la-marato-de-tv3-2\/","title":{"rendered":"Masquefa, un any m\u00e9s al costat de La Marat\u00f3 de TV3"},"content":{"rendered":"<p><strong>El municipi se suma novament al projecte solidari impulsat per La Fundaci\u00f3 La Marat\u00f3 de TV3 amb l\u2019organitzaci\u00f3 del 24 de novembre al 16 de desembre d\u2019un complet programa d\u2019activitats per a recaptar fons per a la investigaci\u00f3 m\u00e8dica sobre el c\u00e0ncer.<\/strong><\/p>\n<p>Masquefa mant\u00e9 el seu ferm comprom\u00eds amb el foment i la promoci\u00f3 de la recerca biom\u00e8dica d\u2019excel\u00b7l\u00e8ncia, aix\u00ed com la sensibilitzaci\u00f3 social sobre les malalties a trav\u00e9s de campanyes de participaci\u00f3 ciutadana i actes de difusi\u00f3 i educaci\u00f3. Per tot plegat,\u00a0<strong>el municipi se suma un any m\u00e9s al projecte solidari que impulsa la Fundaci\u00f3 La Marat\u00f3 de TV3<\/strong>, que enguany compleix la seva 27a edici\u00f3.<\/p>\n<p>Amb l\u2019objectiu de\u00a0<strong>recaptar fons<\/strong>\u00a0i\u00a0<strong>donar un impuls econ\u00f2mic a la investigaci\u00f3 m\u00e8dica<\/strong>\u00a0sobre el <strong>c\u00e0ncer<\/strong>, incentivar l\u2019esperit solidari i donar a con\u00e8ixer als masquefins aquesta afecci\u00f3, l\u2019Ajuntament i les entitats han dissenyat aquest any 2018 un <strong>ampli i variat programa de propostes<\/strong> des <strong>del 24 de novembre fins al 16 de desembre<\/strong>.<\/p>\n<p>&nbsp;<\/p>\n<p><img decoding=\"async\" loading=\"lazy\" class=\"alignnone size-full wp-image-22186 aligncenter\" src=\"https:\/\/ajmasquefa-multimedia-wp.s3.eu-central-1.amazonaws.com\/wp-content\/uploads\/sites\/22\/2018\/11\/27141759\/D%C3%ADptic_Marat%C3%B3-TV318.pdf_page_22.jpg\" alt=\"\" width=\"793\" height=\"1121\" srcset=\"https:\/\/ajmasquefa-multimedia-wp.s3.eu-central-1.amazonaws.com\/wp-content\/uploads\/sites\/22\/2018\/11\/27141759\/D%C3%ADptic_Marat%C3%B3-TV318.pdf_page_22.jpg 793w, https:\/\/ajmasquefa-multimedia-wp.s3.eu-central-1.amazonaws.com\/wp-content\/uploads\/sites\/22\/2018\/11\/27141759\/D%C3%ADptic_Marat%C3%B3-TV318.pdf_page_22-212x300.jpg 212w, https:\/\/ajmasquefa-multimedia-wp.s3.eu-central-1.amazonaws.com\/wp-content\/uploads\/sites\/22\/2018\/11\/27141759\/D%C3%ADptic_Marat%C3%B3-TV318.pdf_page_22-768x1086.jpg 768w, https:\/\/ajmasquefa-multimedia-wp.s3.eu-central-1.amazonaws.com\/wp-content\/uploads\/sites\/22\/2018\/11\/27141759\/D%C3%ADptic_Marat%C3%B3-TV318.pdf_page_22-724x1024.jpg 724w, https:\/\/ajmasquefa-multimedia-wp.s3.eu-central-1.amazonaws.com\/wp-content\/uploads\/sites\/22\/2018\/11\/27141759\/D%C3%ADptic_Marat%C3%B3-TV318.pdf_page_22-600x848.jpg 600w\" sizes=\"(max-width: 793px) 100vw, 793px\" \/><\/p>\n","protected":false},"excerpt":{"rendered":"<p>El municipi se suma novament al projecte solidari impulsat per La Fundaci\u00f3 La Marat\u00f3 de TV3 amb l\u2019organitzaci\u00f3 del 24 de novembre al 16 de desembre d\u2019un complet programa d\u2019activitats per a recaptar fons per a la investigaci\u00f3 m\u00e8dica sobre el c\u00e0ncer. Masquefa mant\u00e9 el seu ferm comprom\u00eds amb el foment i la promoci\u00f3 de&hellip;<\/p>\n","protected":false},"author":7,"featured_media":22138,"comment_status":"closed","ping_status":"open","sticky":false,"template":"","format":"standard","meta":[],"categories":[96,1,68],"tags":[],"_links":{"self":[{"href":"http:\/\/masquefa.cat\/noticies\/wp-json\/wp\/v2\/posts\/22137"}],"collection":[{"href":"http:\/\/masquefa.cat\/noticies\/wp-json\/wp\/v2\/posts"}],"about":[{"href":"http:\/\/masquefa.cat\/noticies\/wp-json\/wp\/v2\/types\/post"}],"author":[{"embeddable":true,"href":"http:\/\/masquefa.cat\/noticies\/wp-json\/wp\/v2\/users\/7"}],"replies":[{"embeddable":true,"href":"http:\/\/masquefa.cat\/noticies\/wp-json\/wp\/v2\/comments?post=22137"}],"version-history":[{"count":6,"href":"http:\/\/masquefa.cat\/noticies\/wp-json\/wp\/v2\/posts\/22137\/revisions"}],"predecessor-version":[{"id":22294,"href":"http:\/\/masquefa.cat\/noticies\/wp-json\/wp\/v2\/posts\/22137\/revisions\/22294"}],"wp:featuredmedia":[{"embeddable":true,"href":"http:\/\/masquefa.cat\/noticies\/wp-json\/wp\/v2\/media\/22138"}],"wp:attachment":[{"href":"http:\/\/masquefa.cat\/noticies\/wp-json\/wp\/v2\/media?parent=22137"}],"wp:term":[{"taxonomy":"category","embeddable":true,"href":"http:\/\/masquefa.cat\/noticies\/wp-json\/wp\/v2\/categories?post=22137"},{"taxonomy":"post_tag","embeddable":true,"href":"http:\/\/masquefa.cat\/noticies\/wp-json\/wp\/v2\/tags?post=22137"}],"curies":[{"name":"wp","href":"https:\/\/api.w.org\/{rel}","templated":true}]}}