{"id":22956,"date":"2019-04-23T13:35:37","date_gmt":"2019-04-23T11:35:37","guid":{"rendered":"http:\/\/masquefa.cat\/noticies\/?p=22956"},"modified":"2019-04-23T13:35:37","modified_gmt":"2019-04-23T11:35:37","slug":"nova-convocatoria-dajuts-pel-pagament-del-lloguer","status":"publish","type":"post","link":"http:\/\/masquefa.cat\/noticies\/nova-convocatoria-dajuts-pel-pagament-del-lloguer\/","title":{"rendered":"Nova convocat\u00f2ria d\u2019ajuts pel pagament del lloguer"},"content":{"rendered":"<p><strong>El per\u00edode de presentaci\u00f3 de sol\u00b7licituds finalitza el\u00a07 de juny de 2019<\/strong>.<\/p>\n<p>L&#8217;Ag\u00e8ncia de l\u2019Habitatge de Catalunya ha obert la convocat\u00f2ria de les <strong>prestacions per al pagament del lloguer<\/strong> per a aquest any 2019. Aquestes subvencions s\u2019atorguen en un r\u00e8gim de concurr\u00e8ncia competitiva, \u00e9s a dir, s\u2019avaluaran totes les sol\u00b7licituds a la vegada i es triaran les que tenen unes caracter\u00edstiques m\u00e9s favorables per rebre l\u2019ajut.\u00a0El\u00a0<strong>termini de presentaci\u00f3\u00a0<\/strong>de les sol\u00b7licituds va comen\u00e7ar el\u00a0<strong>16 d\u2019abril i finalitza el 7 de juny de 2019<\/strong>, ambd\u00f3s inclosos.<\/p>\n<p><strong><u>Presentaci\u00f3 de sol\u00b7licituds<\/u><\/strong><\/p>\n<p>Tots aquells ve\u00efns interessats a enviar les seves sol\u00b7licituds poden fer els tr\u00e0mits i gestions a trav\u00e9s del <strong><a href=\"http:\/\/habitatge.gencat.cat\/ca\/detalls\/Tramits\/20246_Subvencions-per-al-pagament-del-lloguer?category=74aba454-a82c-11e3-a972-000c29052e2c\">portal web de la Generalitat de Catalunya<\/a><\/strong> o a qualsevol oficina de l\u2019<strong><a href=\"http:\/\/www.anoia.cat\/departaments\/serveis-territorials-i-habitatge\/olh-oficina-local-habitatge\/\">Ag\u00e8ncia de l\u2019Habitatge de Catalunya<\/a> <\/strong>(en el cas de l\u2019Anoia, l\u2019oficina est\u00e0 situada al Consell Comarcal de l\u2019Anoia -pla\u00e7a Sant Miquel, 5, Igualada) sol\u00b7licitant cita pr\u00e8via al 93 805 15 85. Mentrestant, a la Torre dels Lleons de Masquefa es podran recollir els impresos necessaris per a poder dur a terme la gesti\u00f3.<\/p>\n<p><strong><u>Principals novetats de la convocat\u00f2ria d\u2019enguany<\/u><\/strong><\/p>\n<ul>\n<li><strong>Ingressos computables<\/strong>: declaracions IRPF\u00a0exercici 2017. Excepcionalment en el sup\u00f2sit que la persona sol\u00b7licitant o algun membre de la unitat de conviv\u00e8ncia hagi tingut durant l\u2019any de la convocat\u00f2ria un canvi significatiu s\u2019admetran els ingressos de l\u2019any 2019 de la unitat de conviv\u00e8ncia, en cap cas s\u2019accepten ingressos no declarats.<\/li>\n<li>L\u2019<strong>import mensual del lloguer<\/strong>\u00a0a la demarcaci\u00f3 de Barcelona\u00a0no pot superar els 750\u20ac\u00a0(inclosos imports de renda, els endarreriments de la renda, els imports corresponents a la repercusi\u00f3 de les obres de millora, l\u2019import de b\u00e9ns immobles-IBI, i la taxa pel servei de recollida d\u2019escombraries).\u00a0Excepcionalment\u00a0l\u2019import pot\u00a0arribar a 900 \u20ac\/mensuals, nom\u00e9s per a casos de\u00a0fam\u00edlies nombroses\u00a0corresponentment acreditades.<\/li>\n<\/ul>\n<p>Tota la informaci\u00f3, la normativa i la documentaci\u00f3 necess\u00e0ria es pot consultar a trav\u00e9s del seg\u00fcent <strong><a href=\"http:\/\/www.anoia.cat\/departaments\/serveis-territorials-i-habitatge\/olh-oficina-local-habitatge\/\">enlla\u00e7<\/a><\/strong>.<\/p>\n","protected":false},"excerpt":{"rendered":"<p>El per\u00edode de presentaci\u00f3 de sol\u00b7licituds finalitza el\u00a07 de juny de 2019. L&#8217;Ag\u00e8ncia de l\u2019Habitatge de Catalunya ha obert la convocat\u00f2ria de les prestacions per al pagament del lloguer per a aquest any 2019. Aquestes subvencions s\u2019atorguen en un r\u00e8gim de concurr\u00e8ncia competitiva, \u00e9s a dir, s\u2019avaluaran totes les sol\u00b7licituds a la vegada i es&hellip;<\/p>\n","protected":false},"author":7,"featured_media":22957,"comment_status":"closed","ping_status":"open","sticky":false,"template":"","format":"standard","meta":[],"categories":[96,1,85],"tags":[],"_links":{"self":[{"href":"http:\/\/masquefa.cat\/noticies\/wp-json\/wp\/v2\/posts\/22956"}],"collection":[{"href":"http:\/\/masquefa.cat\/noticies\/wp-json\/wp\/v2\/posts"}],"about":[{"href":"http:\/\/masquefa.cat\/noticies\/wp-json\/wp\/v2\/types\/post"}],"author":[{"embeddable":true,"href":"http:\/\/masquefa.cat\/noticies\/wp-json\/wp\/v2\/users\/7"}],"replies":[{"embeddable":true,"href":"http:\/\/masquefa.cat\/noticies\/wp-json\/wp\/v2\/comments?post=22956"}],"version-history":[{"count":1,"href":"http:\/\/masquefa.cat\/noticies\/wp-json\/wp\/v2\/posts\/22956\/revisions"}],"predecessor-version":[{"id":22958,"href":"http:\/\/masquefa.cat\/noticies\/wp-json\/wp\/v2\/posts\/22956\/revisions\/22958"}],"wp:featuredmedia":[{"embeddable":true,"href":"http:\/\/masquefa.cat\/noticies\/wp-json\/wp\/v2\/media\/22957"}],"wp:attachment":[{"href":"http:\/\/masquefa.cat\/noticies\/wp-json\/wp\/v2\/media?parent=22956"}],"wp:term":[{"taxonomy":"category","embeddable":true,"href":"http:\/\/masquefa.cat\/noticies\/wp-json\/wp\/v2\/categories?post=22956"},{"taxonomy":"post_tag","embeddable":true,"href":"http:\/\/masquefa.cat\/noticies\/wp-json\/wp\/v2\/tags?post=22956"}],"curies":[{"name":"wp","href":"https:\/\/api.w.org\/{rel}","templated":true}]}}