{"id":23196,"date":"2019-06-07T16:23:55","date_gmt":"2019-06-07T14:23:55","guid":{"rendered":"http:\/\/masquefa.cat\/noticies\/?p=23196"},"modified":"2019-06-07T16:23:55","modified_gmt":"2019-06-07T14:23:55","slug":"lajuntament-habilita-una-minideixalleria-per-fomentar-el-reciclatge","status":"publish","type":"post","link":"http:\/\/masquefa.cat\/noticies\/lajuntament-habilita-una-minideixalleria-per-fomentar-el-reciclatge\/","title":{"rendered":"L&#8217;Ajuntament habilita una minideixalleria per fomentar el reciclatge"},"content":{"rendered":"<p><strong>S&#8217;hi poden dipositar petits residus especials d\u2019\u00fas dom\u00e8stic com piles, bateries de m\u00f2bil, maquinetes d&#8217;afaitar o bombetes de baix consum.<\/strong><\/p>\n<p>L\u2019Ajuntament ha instal\u00b7lat una <strong>minideixalleria<\/strong> a la cru\u00eflla del carrer Rogelio Rojo amb l\u2019avinguda Catalunya, davant del Centre d\u2019Atenci\u00f3 Prim\u00e0ria (CAP). L\u2019objectiu de la ubicaci\u00f3 d\u2019aquest petit contenidor a la via p\u00fablica \u00e9s <strong>facilitar el reciclatge de residus de petit format<\/strong> i conscienciar la poblaci\u00f3 sobre la import\u00e0ncia de portar a terme una gesti\u00f3 adequada dels elements \u2013sobretot electr\u00f2nics\u2013 que ja han acabat la seva vida \u00fatil.<\/p>\n<p>La minideixalleria consta de set compartiments destinats a recollir petits residus i les set fraccions que s\u2019hi poden trobar s\u00f3n les seg\u00fcents:<\/p>\n<ul>\n<li>CD\/D: cd\u2019s<\/li>\n<li>RAEE: petit RAEE (m\u00f2bil, carregador&#8230;)<\/li>\n<li>BOM: bombetes<\/li>\n<li>BCLED: bombetes de baix consum<\/li>\n<li>PIL: piles<\/li>\n<li>CAR: t\u00f2ners<\/li>\n<li>TAPL: taps de pl\u00e0stic<\/li>\n<\/ul>\n<p>En aquest sentit, <strong>s\u2019hi poden reciclar petits residus especials d\u2019\u00fas dom\u00e8stic<\/strong> com cd\u2019s i dvd\u2019s, cartutxos de tinta, aparells el\u00e8ctrics i electr\u00f2nics petits, piles i bateries i tamb\u00e9 bombetes led i de baix consum; que posteriorment <strong>seran enviats a la Deixalleria Municipal<\/strong> per tal de fer-ne una correcta gesti\u00f3. Aix\u00ed, amb aquesta iniciativa pionera a la vila s\u2019espera reduir la quantitat d\u2019aquests materials que encara es troben al contenidor de rebuig.<\/p>\n<p>A m\u00e9s, incorpora una boca lateral accessible i adaptada multiproducte des d\u2019on es recull i separen els residus dipositats, informaci\u00f3 detallada sobre el nou model de recollida de residus vigent a Masquefa des del setembre de 2018 -l\u2019habilitaci\u00f3 de la minideixalleria \u00e9s una de les millores incloses en aquest nou servei-, aix\u00ed com informaci\u00f3 sobre la Deixalleria Municipal i el servei de recollida de voluminosos.<\/p>\n<p>&nbsp;<\/p>\n","protected":false},"excerpt":{"rendered":"<p>S&#8217;hi poden dipositar petits residus especials d\u2019\u00fas dom\u00e8stic com piles, bateries de m\u00f2bil, maquinetes d&#8217;afaitar o bombetes de baix consum. L\u2019Ajuntament ha instal\u00b7lat una minideixalleria a la cru\u00eflla del carrer Rogelio Rojo amb l\u2019avinguda Catalunya, davant del Centre d\u2019Atenci\u00f3 Prim\u00e0ria (CAP). L\u2019objectiu de la ubicaci\u00f3 d\u2019aquest petit contenidor a la via p\u00fablica \u00e9s facilitar el&hellip;<\/p>\n","protected":false},"author":7,"featured_media":23197,"comment_status":"closed","ping_status":"open","sticky":false,"template":"","format":"standard","meta":[],"categories":[96,1,97],"tags":[],"_links":{"self":[{"href":"http:\/\/masquefa.cat\/noticies\/wp-json\/wp\/v2\/posts\/23196"}],"collection":[{"href":"http:\/\/masquefa.cat\/noticies\/wp-json\/wp\/v2\/posts"}],"about":[{"href":"http:\/\/masquefa.cat\/noticies\/wp-json\/wp\/v2\/types\/post"}],"author":[{"embeddable":true,"href":"http:\/\/masquefa.cat\/noticies\/wp-json\/wp\/v2\/users\/7"}],"replies":[{"embeddable":true,"href":"http:\/\/masquefa.cat\/noticies\/wp-json\/wp\/v2\/comments?post=23196"}],"version-history":[{"count":1,"href":"http:\/\/masquefa.cat\/noticies\/wp-json\/wp\/v2\/posts\/23196\/revisions"}],"predecessor-version":[{"id":23198,"href":"http:\/\/masquefa.cat\/noticies\/wp-json\/wp\/v2\/posts\/23196\/revisions\/23198"}],"wp:featuredmedia":[{"embeddable":true,"href":"http:\/\/masquefa.cat\/noticies\/wp-json\/wp\/v2\/media\/23197"}],"wp:attachment":[{"href":"http:\/\/masquefa.cat\/noticies\/wp-json\/wp\/v2\/media?parent=23196"}],"wp:term":[{"taxonomy":"category","embeddable":true,"href":"http:\/\/masquefa.cat\/noticies\/wp-json\/wp\/v2\/categories?post=23196"},{"taxonomy":"post_tag","embeddable":true,"href":"http:\/\/masquefa.cat\/noticies\/wp-json\/wp\/v2\/tags?post=23196"}],"curies":[{"name":"wp","href":"https:\/\/api.w.org\/{rel}","templated":true}]}}