{"id":23532,"date":"2019-09-23T09:30:49","date_gmt":"2019-09-23T07:30:49","guid":{"rendered":"http:\/\/masquefa.cat\/noticies\/?p=23532"},"modified":"2019-09-23T09:30:49","modified_gmt":"2019-09-23T07:30:49","slug":"samplia-el-periode-dinscripcio-al-curs-de-preparacio-per-cicle-superior","status":"publish","type":"post","link":"http:\/\/masquefa.cat\/noticies\/samplia-el-periode-dinscripcio-al-curs-de-preparacio-per-cicle-superior\/","title":{"rendered":"S\u2019amplia el per\u00edode d\u2019inscripci\u00f3 al curs de preparaci\u00f3 per Cicle Superior"},"content":{"rendered":"<p><strong>Les persones interessades podran fer la inscripci\u00f3 fins al 27 de setembre al Centre Tecnol\u00f2gic Comunitari (CTC). L\u2019horari d\u2019atenci\u00f3 \u00e9s de dilluns a divendres de 9 a 13 h i el dimecres de 16.30 a 19 h.<\/strong><\/p>\n<p>L\u2019Ajuntament de Masquefa ha ampliat el per\u00edode d\u2019inscripci\u00f3 al curs de preparaci\u00f3 per les proves d\u2019acc\u00e9s a Cicle Superior. Les <strong>inscripcions<\/strong> es podran fer <strong>fins al 27 de setembre al CTC <\/strong>dins l\u2019horari d\u2019atenci\u00f3, que \u00e9s de dilluns a divendres de 9 a 13 h i els dimecres de 16.30 a 19 h.<\/p>\n<p>Aquest curs, que organitza l\u2019Ajuntament i la Diputaci\u00f3 de Barcelona, prepara als alumnes per la part comuna de la prova, la part espec\u00edfica o totes dues. Les classes seran de <strong>dilluns a dijous de\u00a0 15.30 a 20.30h<\/strong> i la <strong>matr\u00edcula<\/strong> t\u00e9 un cost de\u00a0<strong>75 euros<\/strong>. El curs est\u00e0 pensat per a persones majors d\u2019edat o que compleixin els 18 anys durant l\u2019any natural en qu\u00e8 s\u2019inicia la formaci\u00f3, per\u00f2 cal tenir en compte que, per realitzar les proves d\u2019acc\u00e9s als cicles, s\u2019han de tenir m\u00e9s de 19 anys o complir-los l\u2019any natural en qu\u00e8 es fa la prova i no es pot tenir cap estudi equivalent que permeti l\u2019acc\u00e9s directe al Grau Superior.<\/p>\n<p>Enguany, a m\u00e9s,\u00a0<strong>s\u2019ha ampliat l\u2019oferta d\u2019assignatures espec\u00edfiques per al curs de preparaci\u00f3<\/strong>\u00a0per a les proves d\u2019acc\u00e9s a cicles formatius de grau superior. Segons la demanda dels alumnes, es faran les assignatures m\u00e9s sol\u00b7licitades.<\/p>\n<p>&nbsp;<\/p>\n","protected":false},"excerpt":{"rendered":"<p>Les persones interessades podran fer la inscripci\u00f3 fins al 27 de setembre al Centre Tecnol\u00f2gic Comunitari (CTC). L\u2019horari d\u2019atenci\u00f3 \u00e9s de dilluns a divendres de 9 a 13 h i el dimecres de 16.30 a 19 h. L\u2019Ajuntament de Masquefa ha ampliat el per\u00edode d\u2019inscripci\u00f3 al curs de preparaci\u00f3 per les proves d\u2019acc\u00e9s a Cicle&hellip;<\/p>\n","protected":false},"author":7,"featured_media":23533,"comment_status":"closed","ping_status":"open","sticky":false,"template":"","format":"standard","meta":[],"categories":[96,62,1],"tags":[],"_links":{"self":[{"href":"http:\/\/masquefa.cat\/noticies\/wp-json\/wp\/v2\/posts\/23532"}],"collection":[{"href":"http:\/\/masquefa.cat\/noticies\/wp-json\/wp\/v2\/posts"}],"about":[{"href":"http:\/\/masquefa.cat\/noticies\/wp-json\/wp\/v2\/types\/post"}],"author":[{"embeddable":true,"href":"http:\/\/masquefa.cat\/noticies\/wp-json\/wp\/v2\/users\/7"}],"replies":[{"embeddable":true,"href":"http:\/\/masquefa.cat\/noticies\/wp-json\/wp\/v2\/comments?post=23532"}],"version-history":[{"count":1,"href":"http:\/\/masquefa.cat\/noticies\/wp-json\/wp\/v2\/posts\/23532\/revisions"}],"predecessor-version":[{"id":23534,"href":"http:\/\/masquefa.cat\/noticies\/wp-json\/wp\/v2\/posts\/23532\/revisions\/23534"}],"wp:featuredmedia":[{"embeddable":true,"href":"http:\/\/masquefa.cat\/noticies\/wp-json\/wp\/v2\/media\/23533"}],"wp:attachment":[{"href":"http:\/\/masquefa.cat\/noticies\/wp-json\/wp\/v2\/media?parent=23532"}],"wp:term":[{"taxonomy":"category","embeddable":true,"href":"http:\/\/masquefa.cat\/noticies\/wp-json\/wp\/v2\/categories?post=23532"},{"taxonomy":"post_tag","embeddable":true,"href":"http:\/\/masquefa.cat\/noticies\/wp-json\/wp\/v2\/tags?post=23532"}],"curies":[{"name":"wp","href":"https:\/\/api.w.org\/{rel}","templated":true}]}}