{"id":23552,"date":"2019-09-24T15:10:58","date_gmt":"2019-09-24T13:10:58","guid":{"rendered":"http:\/\/masquefa.cat\/noticies\/?p=23552"},"modified":"2019-09-24T15:10:58","modified_gmt":"2019-09-24T13:10:58","slug":"els-alumnes-de-linstitut-de-masquefa-fan-vela-a-sitges","status":"publish","type":"post","link":"http:\/\/masquefa.cat\/noticies\/els-alumnes-de-linstitut-de-masquefa-fan-vela-a-sitges\/","title":{"rendered":"Els alumnes de l\u2019Institut de Masquefa fan vela a Sitges"},"content":{"rendered":"<p><strong>El passat 16 de setembre, un grup d&#8217;alumnes del centre van realitzar una sortida a l&#8217;Escola de Vela Adaptada de Sitges. <\/strong><\/p>\n<p>L\u2019activitat \u00e9s una acci\u00f3 subvencionada per la Diputaci\u00f3 de Barcelona, que ofereix la possibilitat d&#8217;apropar a grups de persones amb necessitats especials activitats f\u00edsico-esportives desenvolupades al medi natural que tenen un marcat car\u00e0cter l\u00fadic i recreatiu.<\/p>\n<p>Els alumnes, organitzats en grups, van sortir a navegar i van poder gaudir d&#8217;un passeig en vaixell veler i d&#8217;un altre passeig en llan\u00e7a motora. Els m\u00e9s atrevits van poder anar a fer un volt en caiac i participar d&#8217;una carrera entre ells\u00a0tot i que la mar estava una mica moguda i no van poder anar gaire mar endins.<\/p>\n<p>Despr\u00e9s van gaudir plegats d&#8217;un dinar al Port de Sitges-Aiguadol\u00e7 acompanyats dels monitors de l&#8217;escola de vela, on van obsequiar als joves amb un quadern explicatiu sobre la navegaci\u00f3 i la vida marina i un bra\u00e7alet per a cadascun dels participants.<\/p>\n<p>&nbsp;<\/p>\n<p><img decoding=\"async\" loading=\"lazy\" class=\" wp-image-23554 aligncenter\" src=\"https:\/\/ajmasquefa-multimedia-wp.s3.eu-central-1.amazonaws.com\/wp-content\/uploads\/sites\/22\/2019\/09\/24151041\/IMG_20190916_102915_585.jpg\" alt=\"\" width=\"607\" height=\"454\" srcset=\"https:\/\/ajmasquefa-multimedia-wp.s3.eu-central-1.amazonaws.com\/wp-content\/uploads\/sites\/22\/2019\/09\/24151041\/IMG_20190916_102915_585.jpg 4032w, https:\/\/ajmasquefa-multimedia-wp.s3.eu-central-1.amazonaws.com\/wp-content\/uploads\/sites\/22\/2019\/09\/24151041\/IMG_20190916_102915_585-300x224.jpg 300w, https:\/\/ajmasquefa-multimedia-wp.s3.eu-central-1.amazonaws.com\/wp-content\/uploads\/sites\/22\/2019\/09\/24151041\/IMG_20190916_102915_585-768x574.jpg 768w, https:\/\/ajmasquefa-multimedia-wp.s3.eu-central-1.amazonaws.com\/wp-content\/uploads\/sites\/22\/2019\/09\/24151041\/IMG_20190916_102915_585-1024x766.jpg 1024w, https:\/\/ajmasquefa-multimedia-wp.s3.eu-central-1.amazonaws.com\/wp-content\/uploads\/sites\/22\/2019\/09\/24151041\/IMG_20190916_102915_585-600x449.jpg 600w\" sizes=\"(max-width: 607px) 100vw, 607px\" \/><\/p>\n","protected":false},"excerpt":{"rendered":"<p>El passat 16 de setembre, un grup d&#8217;alumnes del centre van realitzar una sortida a l&#8217;Escola de Vela Adaptada de Sitges. L\u2019activitat \u00e9s una acci\u00f3 subvencionada per la Diputaci\u00f3 de Barcelona, que ofereix la possibilitat d&#8217;apropar a grups de persones amb necessitats especials activitats f\u00edsico-esportives desenvolupades al medi natural que tenen un marcat car\u00e0cter l\u00fadic&hellip;<\/p>\n","protected":false},"author":7,"featured_media":23553,"comment_status":"closed","ping_status":"open","sticky":false,"template":"","format":"standard","meta":[],"categories":[96,62,1],"tags":[],"_links":{"self":[{"href":"http:\/\/masquefa.cat\/noticies\/wp-json\/wp\/v2\/posts\/23552"}],"collection":[{"href":"http:\/\/masquefa.cat\/noticies\/wp-json\/wp\/v2\/posts"}],"about":[{"href":"http:\/\/masquefa.cat\/noticies\/wp-json\/wp\/v2\/types\/post"}],"author":[{"embeddable":true,"href":"http:\/\/masquefa.cat\/noticies\/wp-json\/wp\/v2\/users\/7"}],"replies":[{"embeddable":true,"href":"http:\/\/masquefa.cat\/noticies\/wp-json\/wp\/v2\/comments?post=23552"}],"version-history":[{"count":1,"href":"http:\/\/masquefa.cat\/noticies\/wp-json\/wp\/v2\/posts\/23552\/revisions"}],"predecessor-version":[{"id":23555,"href":"http:\/\/masquefa.cat\/noticies\/wp-json\/wp\/v2\/posts\/23552\/revisions\/23555"}],"wp:featuredmedia":[{"embeddable":true,"href":"http:\/\/masquefa.cat\/noticies\/wp-json\/wp\/v2\/media\/23553"}],"wp:attachment":[{"href":"http:\/\/masquefa.cat\/noticies\/wp-json\/wp\/v2\/media?parent=23552"}],"wp:term":[{"taxonomy":"category","embeddable":true,"href":"http:\/\/masquefa.cat\/noticies\/wp-json\/wp\/v2\/categories?post=23552"},{"taxonomy":"post_tag","embeddable":true,"href":"http:\/\/masquefa.cat\/noticies\/wp-json\/wp\/v2\/tags?post=23552"}],"curies":[{"name":"wp","href":"https:\/\/api.w.org\/{rel}","templated":true}]}}