{"id":23559,"date":"2019-09-25T09:52:54","date_gmt":"2019-09-25T07:52:54","guid":{"rendered":"http:\/\/masquefa.cat\/noticies\/?p=23559"},"modified":"2019-09-25T09:59:37","modified_gmt":"2019-09-25T07:59:37","slug":"ja-estan-obertes-les-inscripcions-per-laula-de-musica-de-masquefa","status":"publish","type":"post","link":"http:\/\/masquefa.cat\/noticies\/ja-estan-obertes-les-inscripcions-per-laula-de-musica-de-masquefa\/","title":{"rendered":"Ja estan obertes les inscripcions per l\u2019Aula de M\u00fasica de Masquefa!"},"content":{"rendered":"<p><strong>Les inscripcions es poden realitzar a la Torre Cal Tenas totes les tardes de 16 a 20h.<\/strong><\/p>\n<p>L\u2019<strong>Aula Municipal de M\u00fasica L\u2019Alzinar-Cal Tenas <\/strong>inicia aquest setembre les noves classes per al curs 2019-2020. Les <strong>inscripcions<\/strong> es podran fer de forma presencial a la Torre de Cal Tenas (pla\u00e7a Josep M. Vila, s\/n) de dilluns a divendres de 16 h a 20 h. Per a m\u00e9s informaci\u00f3, podeu trucar al tel\u00e8fon 93 131 83 11 o enviar un correu electr\u00f2nic a l\u2019adre\u00e7a\u00a0<a href=\"mailto:amacat.masquefa@gmail.com\">amacat.masquefa@gmail.com<\/a>.<\/p>\n<p>L\u2019Ajuntament de Masquefa fa una crida als ve\u00efns i a les fam\u00edlies del municipi a gaudir activament de l\u2019\u00e0mplia oferta educativa i formativa que ofereix l\u2019equipament i posa en valor el paper de l\u2019Aula de M\u00fasica L\u2019Alzinar-Cal Tenas en la promoci\u00f3 de la cultura arreu del municipi.<\/p>\n","protected":false},"excerpt":{"rendered":"<p>Les inscripcions es poden realitzar a la Torre Cal Tenas totes les tardes de 16 a 20h. L\u2019Aula Municipal de M\u00fasica L\u2019Alzinar-Cal Tenas inicia aquest setembre les noves classes per al curs 2019-2020. Les inscripcions es podran fer de forma presencial a la Torre de Cal Tenas (pla\u00e7a Josep M. Vila, s\/n) de dilluns a&hellip;<\/p>\n","protected":false},"author":7,"featured_media":23560,"comment_status":"closed","ping_status":"open","sticky":false,"template":"","format":"standard","meta":[],"categories":[96,62,1],"tags":[],"_links":{"self":[{"href":"http:\/\/masquefa.cat\/noticies\/wp-json\/wp\/v2\/posts\/23559"}],"collection":[{"href":"http:\/\/masquefa.cat\/noticies\/wp-json\/wp\/v2\/posts"}],"about":[{"href":"http:\/\/masquefa.cat\/noticies\/wp-json\/wp\/v2\/types\/post"}],"author":[{"embeddable":true,"href":"http:\/\/masquefa.cat\/noticies\/wp-json\/wp\/v2\/users\/7"}],"replies":[{"embeddable":true,"href":"http:\/\/masquefa.cat\/noticies\/wp-json\/wp\/v2\/comments?post=23559"}],"version-history":[{"count":2,"href":"http:\/\/masquefa.cat\/noticies\/wp-json\/wp\/v2\/posts\/23559\/revisions"}],"predecessor-version":[{"id":23562,"href":"http:\/\/masquefa.cat\/noticies\/wp-json\/wp\/v2\/posts\/23559\/revisions\/23562"}],"wp:featuredmedia":[{"embeddable":true,"href":"http:\/\/masquefa.cat\/noticies\/wp-json\/wp\/v2\/media\/23560"}],"wp:attachment":[{"href":"http:\/\/masquefa.cat\/noticies\/wp-json\/wp\/v2\/media?parent=23559"}],"wp:term":[{"taxonomy":"category","embeddable":true,"href":"http:\/\/masquefa.cat\/noticies\/wp-json\/wp\/v2\/categories?post=23559"},{"taxonomy":"post_tag","embeddable":true,"href":"http:\/\/masquefa.cat\/noticies\/wp-json\/wp\/v2\/tags?post=23559"}],"curies":[{"name":"wp","href":"https:\/\/api.w.org\/{rel}","templated":true}]}}