{"id":23563,"date":"2019-09-25T10:52:37","date_gmt":"2019-09-25T08:52:37","guid":{"rendered":"http:\/\/masquefa.cat\/noticies\/?p=23563"},"modified":"2019-09-25T10:52:37","modified_gmt":"2019-09-25T08:52:37","slug":"alumnes-del-projecte-singulars-creixer-futur-participen-duna-neteja-de-lentorn-de-masquefa","status":"publish","type":"post","link":"http:\/\/masquefa.cat\/noticies\/alumnes-del-projecte-singulars-creixer-futur-participen-duna-neteja-de-lentorn-de-masquefa\/","title":{"rendered":"Alumnes del Projecte Singulars Cr\u00e9ixer-Futur participen d\u2019una neteja de l\u2019entorn de Masquefa"},"content":{"rendered":"<p><strong>Els joves han impulsat una campanya a trav\u00e9s de les xarxes socials amb l\u2019etiqueta #siguesladiferencia amb l\u2019objectiu de combatre l\u2019abocament improcedent de residus a la via p\u00fablica.<\/strong><\/p>\n<p>En el marc de la setmana de mobilitzacions impulsada arreu del m\u00f3n pel moviment estudiantil <strong><a href=\"https:\/\/www.fridaysforfuture.org\/\">Fridays for Future<\/a><\/strong> per tal de visibilitzar la situaci\u00f3 d\u2019emerg\u00e8ncia clim\u00e0tica i reivindicar als governs mesures urgents per combatre-la, els alumnes del <strong><a href=\"http:\/\/masquefa.cat\/noticies\/tercera-edicio-del-projecte-formatiu-creixer-futur-projecte-singulars-adrecat-a-joves-a-lanoia-sud\/\">Projecte Singulars Cr\u00e9ixer-Futur<\/a><\/strong> han dut a terme aquesta setmana a Masquefa una neteja de dues zones de l\u2019entorn del municipi.<\/p>\n<p>L\u2019acci\u00f3 es va iniciar al p\u00e0rquing del Complex Esportiu Municipal de Masquefa i va prosseguir, posteriorment, fins a arribar a l\u2019Institut de Masquefa. Al llarg de la jornada es van recollir un total de <strong>40 bosses d\u2019escombreries<\/strong>, aix\u00ed com diferents <strong>objectes abandonats en zones boscoses<\/strong>; entre ells, material d&#8217;obra, electrodom\u00e8stics o una barbacoa. Un cop acabada la batuda, el grup va classificar totes les escombraries per a poder reciclar tot el que s&#8217;havia\u00a0recollit i les va traslladar a la Deixalleria Municipal.<\/p>\n<p>Aix\u00ed, davant l\u2019elevat nombre de residus trobats, els usuaris del projecte han decidit endegar una campanya a les xarxes socials amb l\u2019etiqueta <strong>#siguesladiferencia<\/strong> per tal d\u2019animar a tots els ve\u00efns a recollir escombraries de diferents espais del municipi, a no llen\u00e7ar deixalles al carrer, i a reduir la generaci\u00f3 de residus.<\/p>\n<p>L\u2019Ajuntament de Masquefa posa en valor l\u2019acci\u00f3 duta a terme pels alumnes del Projecte Singulars Cr\u00e9ixer-Futur, a qui agraeix el seu comprom\u00eds amb el municipi i en la preservaci\u00f3 del medi ambient.<\/p>\n<p>&nbsp;<\/p>\n<p><img decoding=\"async\" loading=\"lazy\" class=\" wp-image-23565 aligncenter\" src=\"https:\/\/ajmasquefa-multimedia-wp.s3.eu-central-1.amazonaws.com\/wp-content\/uploads\/sites\/22\/2019\/09\/25105223\/IMG-neteja-Masquefa-2.jpg\" alt=\"\" width=\"763\" height=\"572\" srcset=\"https:\/\/ajmasquefa-multimedia-wp.s3.eu-central-1.amazonaws.com\/wp-content\/uploads\/sites\/22\/2019\/09\/25105223\/IMG-neteja-Masquefa-2.jpg 1600w, https:\/\/ajmasquefa-multimedia-wp.s3.eu-central-1.amazonaws.com\/wp-content\/uploads\/sites\/22\/2019\/09\/25105223\/IMG-neteja-Masquefa-2-300x225.jpg 300w, https:\/\/ajmasquefa-multimedia-wp.s3.eu-central-1.amazonaws.com\/wp-content\/uploads\/sites\/22\/2019\/09\/25105223\/IMG-neteja-Masquefa-2-768x576.jpg 768w, https:\/\/ajmasquefa-multimedia-wp.s3.eu-central-1.amazonaws.com\/wp-content\/uploads\/sites\/22\/2019\/09\/25105223\/IMG-neteja-Masquefa-2-1024x768.jpg 1024w, https:\/\/ajmasquefa-multimedia-wp.s3.eu-central-1.amazonaws.com\/wp-content\/uploads\/sites\/22\/2019\/09\/25105223\/IMG-neteja-Masquefa-2-600x450.jpg 600w\" sizes=\"(max-width: 763px) 100vw, 763px\" \/><\/p>\n","protected":false},"excerpt":{"rendered":"<p>Els joves han impulsat una campanya a trav\u00e9s de les xarxes socials amb l\u2019etiqueta #siguesladiferencia amb l\u2019objectiu de combatre l\u2019abocament improcedent de residus a la via p\u00fablica. En el marc de la setmana de mobilitzacions impulsada arreu del m\u00f3n pel moviment estudiantil Fridays for Future per tal de visibilitzar la situaci\u00f3 d\u2019emerg\u00e8ncia clim\u00e0tica i reivindicar&hellip;<\/p>\n","protected":false},"author":7,"featured_media":23564,"comment_status":"closed","ping_status":"open","sticky":false,"template":"","format":"standard","meta":[],"categories":[96,62,1],"tags":[],"_links":{"self":[{"href":"http:\/\/masquefa.cat\/noticies\/wp-json\/wp\/v2\/posts\/23563"}],"collection":[{"href":"http:\/\/masquefa.cat\/noticies\/wp-json\/wp\/v2\/posts"}],"about":[{"href":"http:\/\/masquefa.cat\/noticies\/wp-json\/wp\/v2\/types\/post"}],"author":[{"embeddable":true,"href":"http:\/\/masquefa.cat\/noticies\/wp-json\/wp\/v2\/users\/7"}],"replies":[{"embeddable":true,"href":"http:\/\/masquefa.cat\/noticies\/wp-json\/wp\/v2\/comments?post=23563"}],"version-history":[{"count":1,"href":"http:\/\/masquefa.cat\/noticies\/wp-json\/wp\/v2\/posts\/23563\/revisions"}],"predecessor-version":[{"id":23566,"href":"http:\/\/masquefa.cat\/noticies\/wp-json\/wp\/v2\/posts\/23563\/revisions\/23566"}],"wp:featuredmedia":[{"embeddable":true,"href":"http:\/\/masquefa.cat\/noticies\/wp-json\/wp\/v2\/media\/23564"}],"wp:attachment":[{"href":"http:\/\/masquefa.cat\/noticies\/wp-json\/wp\/v2\/media?parent=23563"}],"wp:term":[{"taxonomy":"category","embeddable":true,"href":"http:\/\/masquefa.cat\/noticies\/wp-json\/wp\/v2\/categories?post=23563"},{"taxonomy":"post_tag","embeddable":true,"href":"http:\/\/masquefa.cat\/noticies\/wp-json\/wp\/v2\/tags?post=23563"}],"curies":[{"name":"wp","href":"https:\/\/api.w.org\/{rel}","templated":true}]}}