{"id":23580,"date":"2019-10-01T09:38:43","date_gmt":"2019-10-01T07:38:43","guid":{"rendered":"http:\/\/masquefa.cat\/noticies\/?p=23580"},"modified":"2019-10-02T09:32:35","modified_gmt":"2019-10-02T07:32:35","slug":"la-senyora-nuria-cardus-marcos-sincorpora-temporalment-a-lajuntament","status":"publish","type":"post","link":"http:\/\/masquefa.cat\/noticies\/la-senyora-nuria-cardus-marcos-sincorpora-temporalment-a-lajuntament\/","title":{"rendered":"La senyora N\u00faria Card\u00fas Marcos assuemix el c\u00e0rrec d&#8217;interventora accidental"},"content":{"rendered":"<p><strong>Substituir\u00e0 temporalment la baixa per maternitat de la senyora Laura Olivas.<\/strong><\/p>\n<p>La senyora <strong>N\u00faria Card\u00fas Marcos<\/strong>, t\u00e8cnica de Serveis Econ\u00f2mics de l&#8217;Ajuntament de Masquefa, assumir\u00e0 temporalment les tasques d&#8217;<strong>interventora accidental<\/strong> per a cobrir la baixa per maternitat de la senyora Laura Olivas.<\/p>\n","protected":false},"excerpt":{"rendered":"<p>Substituir\u00e0 temporalment la baixa per maternitat de la senyora Laura Olivas. La senyora N\u00faria Card\u00fas Marcos, t\u00e8cnica de Serveis Econ\u00f2mics de l&#8217;Ajuntament de Masquefa, assumir\u00e0 temporalment les tasques d&#8217;interventora accidental per a cobrir la baixa per maternitat de la senyora Laura Olivas.<\/p>\n","protected":false},"author":7,"featured_media":23581,"comment_status":"closed","ping_status":"open","sticky":false,"template":"","format":"standard","meta":[],"categories":[95],"tags":[],"_links":{"self":[{"href":"http:\/\/masquefa.cat\/noticies\/wp-json\/wp\/v2\/posts\/23580"}],"collection":[{"href":"http:\/\/masquefa.cat\/noticies\/wp-json\/wp\/v2\/posts"}],"about":[{"href":"http:\/\/masquefa.cat\/noticies\/wp-json\/wp\/v2\/types\/post"}],"author":[{"embeddable":true,"href":"http:\/\/masquefa.cat\/noticies\/wp-json\/wp\/v2\/users\/7"}],"replies":[{"embeddable":true,"href":"http:\/\/masquefa.cat\/noticies\/wp-json\/wp\/v2\/comments?post=23580"}],"version-history":[{"count":3,"href":"http:\/\/masquefa.cat\/noticies\/wp-json\/wp\/v2\/posts\/23580\/revisions"}],"predecessor-version":[{"id":23590,"href":"http:\/\/masquefa.cat\/noticies\/wp-json\/wp\/v2\/posts\/23580\/revisions\/23590"}],"wp:featuredmedia":[{"embeddable":true,"href":"http:\/\/masquefa.cat\/noticies\/wp-json\/wp\/v2\/media\/23581"}],"wp:attachment":[{"href":"http:\/\/masquefa.cat\/noticies\/wp-json\/wp\/v2\/media?parent=23580"}],"wp:term":[{"taxonomy":"category","embeddable":true,"href":"http:\/\/masquefa.cat\/noticies\/wp-json\/wp\/v2\/categories?post=23580"},{"taxonomy":"post_tag","embeddable":true,"href":"http:\/\/masquefa.cat\/noticies\/wp-json\/wp\/v2\/tags?post=23580"}],"curies":[{"name":"wp","href":"https:\/\/api.w.org\/{rel}","templated":true}]}}