{"id":23583,"date":"2019-10-01T10:44:15","date_gmt":"2019-10-01T08:44:15","guid":{"rendered":"http:\/\/masquefa.cat\/noticies\/?p=23583"},"modified":"2019-10-01T10:52:26","modified_gmt":"2019-10-01T08:52:26","slug":"lescola-vinyes-verdes-estrena-aquest-curs-la-nova-aula-mixta-de-p1-i-p2","status":"publish","type":"post","link":"http:\/\/masquefa.cat\/noticies\/lescola-vinyes-verdes-estrena-aquest-curs-la-nova-aula-mixta-de-p1-i-p2\/","title":{"rendered":"L\u2019Escola Vinyes Verdes estrena aquest curs la nova aula mixta de P1 i P2"},"content":{"rendered":"<p><strong>L\u2019aula es va posar en funcionament el passat 16 de setembre amb sis infants d\u2019entre un i dos anys d\u2019edat.<\/strong><\/p>\n<p>Una de les principals novetats que presenta el nous curs escolar 2019-2020 a Masquefa i a La Beguda \u00e9s la posada en marxa des del passat 16 de setembre d\u2019una <strong>aula per a infants de P1 i P2\u00a0 a l\u2019Escola Vinyes Verdes<\/strong>.<\/p>\n<p>El centre, que abans de l\u2019inici del nou curs comptava amb l\u00ednies de P3 fins a sis\u00e8 de prim\u00e0ria, ha vist refor\u00e7ada i ampliada la seva oferta educativa a trav\u00e9s de la prestaci\u00f3 d\u2019aquest nou servei del qual\u00a0<strong>ja en s\u00f3n usuaris un total de sis infants<\/strong>\u00a0amb edats compreses entres els un i dos anys. Al llarg dels primers dies, han fet uns dies d\u2019adaptaci\u00f3 als espais adaptats per a ells, tant a l\u2019aula com a l\u2019espai de joc al pati.<\/p>\n<p>L\u2019aula mixta de P1 i P2 a l\u2019Escola Vinyes Verdes, doncs, ja \u00e9s una realitat despr\u00e9s que el passat mes de maig\u00a0el <strong>Departament d\u2019Educaci\u00f3 de la Generalitat de Catalunya<\/strong> conced\u00eds al centre aquesta l\u00ednia de primer cicle d\u2019educaci\u00f3 infantil per a infants d\u20191 a 3 anys. A partir d\u2019aleshores, i al llarg dels darrers mesos, l\u2019Ajuntament de Masquefa ha aportat els recursos necessaris per adequar i posar en marxa aquest nou projecte educatiu. L\u2019equip directiu i docent del centre s\u2019ha implicat activament per fer-lo realitat i s\u2019ha comptat amb la col\u00b7laboraci\u00f3 de tota la comunitat educativa i de l\u2019equip de l\u2019Escola Bressol Municipal La Baldufa.<\/p>\n","protected":false},"excerpt":{"rendered":"<p>L\u2019aula es va posar en funcionament el passat 16 de setembre amb sis infants d\u2019entre un i dos anys d\u2019edat. Una de les principals novetats que presenta el nous curs escolar 2019-2020 a Masquefa i a La Beguda \u00e9s la posada en marxa des del passat 16 de setembre d\u2019una aula per a infants de&hellip;<\/p>\n","protected":false},"author":7,"featured_media":23584,"comment_status":"closed","ping_status":"open","sticky":false,"template":"","format":"standard","meta":[],"categories":[96,62,1],"tags":[],"_links":{"self":[{"href":"http:\/\/masquefa.cat\/noticies\/wp-json\/wp\/v2\/posts\/23583"}],"collection":[{"href":"http:\/\/masquefa.cat\/noticies\/wp-json\/wp\/v2\/posts"}],"about":[{"href":"http:\/\/masquefa.cat\/noticies\/wp-json\/wp\/v2\/types\/post"}],"author":[{"embeddable":true,"href":"http:\/\/masquefa.cat\/noticies\/wp-json\/wp\/v2\/users\/7"}],"replies":[{"embeddable":true,"href":"http:\/\/masquefa.cat\/noticies\/wp-json\/wp\/v2\/comments?post=23583"}],"version-history":[{"count":3,"href":"http:\/\/masquefa.cat\/noticies\/wp-json\/wp\/v2\/posts\/23583\/revisions"}],"predecessor-version":[{"id":23587,"href":"http:\/\/masquefa.cat\/noticies\/wp-json\/wp\/v2\/posts\/23583\/revisions\/23587"}],"wp:featuredmedia":[{"embeddable":true,"href":"http:\/\/masquefa.cat\/noticies\/wp-json\/wp\/v2\/media\/23584"}],"wp:attachment":[{"href":"http:\/\/masquefa.cat\/noticies\/wp-json\/wp\/v2\/media?parent=23583"}],"wp:term":[{"taxonomy":"category","embeddable":true,"href":"http:\/\/masquefa.cat\/noticies\/wp-json\/wp\/v2\/categories?post=23583"},{"taxonomy":"post_tag","embeddable":true,"href":"http:\/\/masquefa.cat\/noticies\/wp-json\/wp\/v2\/tags?post=23583"}],"curies":[{"name":"wp","href":"https:\/\/api.w.org\/{rel}","templated":true}]}}