{"id":23849,"date":"2019-12-05T13:29:26","date_gmt":"2019-12-05T12:29:26","guid":{"rendered":"http:\/\/masquefa.cat\/noticies\/?p=23849"},"modified":"2019-12-05T13:29:26","modified_gmt":"2019-12-05T12:29:26","slug":"el-departament-dinterior-pregunta-a-la-ciutadania-sobre-les-violencies-sexuals-a-catalunya","status":"publish","type":"post","link":"http:\/\/masquefa.cat\/noticies\/el-departament-dinterior-pregunta-a-la-ciutadania-sobre-les-violencies-sexuals-a-catalunya\/","title":{"rendered":"El Departament d\u2019Interior pregunta a la ciutadania sobre les viol\u00e8ncies sexuals a Catalunya"},"content":{"rendered":"<p><strong>Durant aquest mes de desembre es duen a terme arreu del pa\u00eds entrevistes telef\u00f2niques als ciutadans per a la seva posterior an\u00e0lisi. <\/strong><\/p>\n<p>El Departament d\u2019Interior de la Generalitat de Catalunya ha posat en coneixement de l\u2019Ajuntament de Masquefa que des del mes de novembre s\u2019han iniciat els treballs de l\u2019<strong>Enquesta de viol\u00e8ncies sexuals de Catalunya (EVSC)<\/strong>.<\/p>\n<p>L\u2019EVSC \u00e9s una enquesta integrada en el Pla estad\u00edstic de Catalunya, que es va realitzar a Catalunya per primera vegada l\u2019any 2010. Aquesta enquesta recull les experi\u00e8ncies de victimitzaci\u00f3 de les dones de Catalunya, i complementa les dades que provenen dels registres oficials. Per aquest motiu, esdev\u00e9 una <strong>eina de gran utilitat per a la planificaci\u00f3 i avaluaci\u00f3 de pol\u00edtiques p\u00fabliques <\/strong>en aquest camp.<\/p>\n<p>Aquest estudi es realitza a trav\u00e9s d\u2019una <strong>enquesta telef\u00f2nica<\/strong> a una mostra representativa de la poblaci\u00f3, d\u2019aproximadament 10.000 dones de 16 i m\u00e9s anys residents a Catalunya, que tamb\u00e9 es podria realitzar a ve\u00efnes de Masquefa. L\u2019EVSC consisteix, en relaci\u00f3 amb la mostra de dones, en una <strong>entrevista sobre les seves experi\u00e8ncies personals com a v\u00edctimes de la viol\u00e8ncia masclista<\/strong>.<\/p>\n<p>Per a m\u00e9s informaci\u00f3 sobre l\u2019EVSC podeu trucar al n\u00famero 012, el tel\u00e8fon d&#8217;atenci\u00f3 ciutadana de la Generalitat de Catalunya.<\/p>\n","protected":false},"excerpt":{"rendered":"<p>Durant aquest mes de desembre es duen a terme arreu del pa\u00eds entrevistes telef\u00f2niques als ciutadans per a la seva posterior an\u00e0lisi. El Departament d\u2019Interior de la Generalitat de Catalunya ha posat en coneixement de l\u2019Ajuntament de Masquefa que des del mes de novembre s\u2019han iniciat els treballs de l\u2019Enquesta de viol\u00e8ncies sexuals de Catalunya&hellip;<\/p>\n","protected":false},"author":7,"featured_media":23850,"comment_status":"closed","ping_status":"open","sticky":false,"template":"","format":"standard","meta":[],"categories":[96,1,85],"tags":[],"_links":{"self":[{"href":"http:\/\/masquefa.cat\/noticies\/wp-json\/wp\/v2\/posts\/23849"}],"collection":[{"href":"http:\/\/masquefa.cat\/noticies\/wp-json\/wp\/v2\/posts"}],"about":[{"href":"http:\/\/masquefa.cat\/noticies\/wp-json\/wp\/v2\/types\/post"}],"author":[{"embeddable":true,"href":"http:\/\/masquefa.cat\/noticies\/wp-json\/wp\/v2\/users\/7"}],"replies":[{"embeddable":true,"href":"http:\/\/masquefa.cat\/noticies\/wp-json\/wp\/v2\/comments?post=23849"}],"version-history":[{"count":1,"href":"http:\/\/masquefa.cat\/noticies\/wp-json\/wp\/v2\/posts\/23849\/revisions"}],"predecessor-version":[{"id":23851,"href":"http:\/\/masquefa.cat\/noticies\/wp-json\/wp\/v2\/posts\/23849\/revisions\/23851"}],"wp:featuredmedia":[{"embeddable":true,"href":"http:\/\/masquefa.cat\/noticies\/wp-json\/wp\/v2\/media\/23850"}],"wp:attachment":[{"href":"http:\/\/masquefa.cat\/noticies\/wp-json\/wp\/v2\/media?parent=23849"}],"wp:term":[{"taxonomy":"category","embeddable":true,"href":"http:\/\/masquefa.cat\/noticies\/wp-json\/wp\/v2\/categories?post=23849"},{"taxonomy":"post_tag","embeddable":true,"href":"http:\/\/masquefa.cat\/noticies\/wp-json\/wp\/v2\/tags?post=23849"}],"curies":[{"name":"wp","href":"https:\/\/api.w.org\/{rel}","templated":true}]}}