{"id":23980,"date":"2019-12-19T08:36:47","date_gmt":"2019-12-19T07:36:47","guid":{"rendered":"http:\/\/masquefa.cat\/noticies\/?p=23980"},"modified":"2019-12-19T08:36:47","modified_gmt":"2019-12-19T07:36:47","slug":"la-upc-colloca-a-masquefa-nous-mesuradors-de-particules-dolors-provinents-de-lecoparc","status":"publish","type":"post","link":"http:\/\/masquefa.cat\/noticies\/la-upc-colloca-a-masquefa-nous-mesuradors-de-particules-dolors-provinents-de-lecoparc\/","title":{"rendered":"La UPC col\u00b7loca a Masquefa nous mesuradors de part\u00edcules d\u2019olors provinents de l\u2019Ecoparc"},"content":{"rendered":"<p><strong>El Departament de Territori tamb\u00e9 ha instal\u00b7lat al municipi una unitat m\u00f2bil per a fer un seguiment dels episodis de males olors procedents de l\u2019abocador de Can Mata.<\/strong><\/p>\n<p>Des d\u2019aquest mes de desembre hi ha habilitat al municipi un nou <strong>sistema pioner de recollida d\u2019olors <\/strong>instal\u00b7lat per la <strong>Universitat Polit\u00e8cnica de Catalunya (UPC)<\/strong>. Els mesuradors -que recullen diferents tipus d\u2019olors mitjan\u00e7ant uns filtres- s\u2019han instal\u00b7lat al carrer Campoamor i a l\u2019Escola Font del Roure i tenen com a objectiu recollir mostres de part\u00edcules al municipi per a ser comparades, posteriorment, amb les mostres que s\u2019han obtingut a les instal\u00b7lacions de l\u2019Ecoparc.<\/p>\n<p>En paral\u00b7lel, des de finals del mes de novembre el Servei de Vigil\u00e0ncia i Control de l\u2019Aire de la Direcci\u00f3 General de Qualitat Ambiental i Canvi Clim\u00e0tic del <strong>Departament de Territori i Sostenibilitat<\/strong> de la Generalitat de Catalunya tamb\u00e9 ha instal\u00b7lat temporalment a Masquefa una <strong>unitat m\u00f2bil de vigil\u00e0ncia de la contaminaci\u00f3 atmosf\u00e8rica<\/strong> per a fer un seguiment dels episodis d\u2019olors provinents de l\u2019abocador de Can Mata.<\/p>\n","protected":false},"excerpt":{"rendered":"<p>El Departament de Territori tamb\u00e9 ha instal\u00b7lat al municipi una unitat m\u00f2bil per a fer un seguiment dels episodis de males olors procedents de l\u2019abocador de Can Mata. Des d\u2019aquest mes de desembre hi ha habilitat al municipi un nou sistema pioner de recollida d\u2019olors instal\u00b7lat per la Universitat Polit\u00e8cnica de Catalunya (UPC). Els mesuradors&hellip;<\/p>\n","protected":false},"author":7,"featured_media":23981,"comment_status":"closed","ping_status":"open","sticky":false,"template":"","format":"standard","meta":[],"categories":[96,1,97],"tags":[],"_links":{"self":[{"href":"http:\/\/masquefa.cat\/noticies\/wp-json\/wp\/v2\/posts\/23980"}],"collection":[{"href":"http:\/\/masquefa.cat\/noticies\/wp-json\/wp\/v2\/posts"}],"about":[{"href":"http:\/\/masquefa.cat\/noticies\/wp-json\/wp\/v2\/types\/post"}],"author":[{"embeddable":true,"href":"http:\/\/masquefa.cat\/noticies\/wp-json\/wp\/v2\/users\/7"}],"replies":[{"embeddable":true,"href":"http:\/\/masquefa.cat\/noticies\/wp-json\/wp\/v2\/comments?post=23980"}],"version-history":[{"count":1,"href":"http:\/\/masquefa.cat\/noticies\/wp-json\/wp\/v2\/posts\/23980\/revisions"}],"predecessor-version":[{"id":23982,"href":"http:\/\/masquefa.cat\/noticies\/wp-json\/wp\/v2\/posts\/23980\/revisions\/23982"}],"wp:featuredmedia":[{"embeddable":true,"href":"http:\/\/masquefa.cat\/noticies\/wp-json\/wp\/v2\/media\/23981"}],"wp:attachment":[{"href":"http:\/\/masquefa.cat\/noticies\/wp-json\/wp\/v2\/media?parent=23980"}],"wp:term":[{"taxonomy":"category","embeddable":true,"href":"http:\/\/masquefa.cat\/noticies\/wp-json\/wp\/v2\/categories?post=23980"},{"taxonomy":"post_tag","embeddable":true,"href":"http:\/\/masquefa.cat\/noticies\/wp-json\/wp\/v2\/tags?post=23980"}],"curies":[{"name":"wp","href":"https:\/\/api.w.org\/{rel}","templated":true}]}}