{"id":25171,"date":"2020-11-24T08:37:52","date_gmt":"2020-11-24T07:37:52","guid":{"rendered":"http:\/\/masquefa.cat\/noticies\/?p=25171"},"modified":"2020-11-24T08:37:52","modified_gmt":"2020-11-24T07:37:52","slug":"alvaro-melero-vela-es-el-guanyador-del-concurs-de-fotografia-instagram-2020","status":"publish","type":"post","link":"http:\/\/masquefa.cat\/noticies\/alvaro-melero-vela-es-el-guanyador-del-concurs-de-fotografia-instagram-2020\/","title":{"rendered":"\u00c1lvaro Melero Vela \u00e9s el guanyador del Concurs de Fotografia Instagram 2020"},"content":{"rendered":"<p><strong>Les tres fotografies premiades apareixeran en el calendari de l\u2019any 2021 que edita anualment l\u2019Ajuntament de Masquefa.<\/strong><\/p>\n<p>L\u2019Ajuntament ha donat a con\u00e8ixer el veredicte de la cinquena edici\u00f3 del <strong>Concurs de Fotografia Instagram Masquefa 2020<\/strong>; un certamen de fotografia impulsat per la Regidoria de Cultura i que enguany tenia com a tem\u00e0tica els colors dels comer\u00e7os del municipi. Enguany els premiats han estat:<\/p>\n<p>1r premi: <strong>\u00c1lvaro Melero Vela<\/strong><\/p>\n<p>&nbsp;<\/p>\n<p><img decoding=\"async\" loading=\"lazy\" class=\" wp-image-25178 aligncenter\" src=\"https:\/\/ajmasquefa-multimedia-wp.s3.eu-central-1.amazonaws.com\/wp-content\/uploads\/sites\/22\/2020\/11\/24083616\/127059334_3712163978834411_6827311655421877587_o.jpg\" alt=\"\" width=\"601\" height=\"328\" \/><\/p>\n<p>&nbsp;<\/p>\n<p>2n premi: <strong>Eduardo Mu\u00f1oz Gonz\u00e1lez<\/strong><\/p>\n<p>&nbsp;<\/p>\n<p><img decoding=\"async\" loading=\"lazy\" class=\" wp-image-25177 aligncenter\" src=\"https:\/\/ajmasquefa-multimedia-wp.s3.eu-central-1.amazonaws.com\/wp-content\/uploads\/sites\/22\/2020\/11\/24083615\/127012214_3712163948834414_2967254404648730216_o.jpg\" alt=\"\" width=\"601\" height=\"398\" \/><\/p>\n<p>&nbsp;<\/p>\n<p>3r premi:<strong> Irene Morales Dur\u00e1n<\/strong><\/p>\n<p>&nbsp;<\/p>\n<p><img decoding=\"async\" loading=\"lazy\" class=\" wp-image-25176 aligncenter\" src=\"https:\/\/ajmasquefa-multimedia-wp.s3.eu-central-1.amazonaws.com\/wp-content\/uploads\/sites\/22\/2020\/11\/24083615\/127143996_3712164032167739_8335034089565828129_o.jpg\" alt=\"\" width=\"601\" height=\"401\" \/><\/p>\n<p>&nbsp;<\/p>\n<p>Les tres fotografies guanyadores apareixeran en el <strong>calendari de l\u2019any 2021<\/strong> que edita anualment l\u2019Ajuntament de Masquefa amb la col\u00b7laboraci\u00f3 de Masquef Comer\u00e7; juntament amb 10 imatges m\u00e9s que el jurat ha escollit d\u2019entre les instant\u00e0nies finalistes. A la convocat\u00f2ria d\u2019aquesta cinquena edici\u00f3 s\u2019han presentat <strong>prop de 200 instant\u00e0nies<\/strong> fetes per diversos fot\u00f2grafs, a qui el consistori agraeix la seva implicaci\u00f3 en el projecte i els felicita pel talent i la creativitat demostrats.<\/p>\n<p>Durant les festes nadalenques, la Biblioteca Municipal acollir\u00e0 una <strong>exposici\u00f3 amb les 50 fotografies finalistes<\/strong>.<\/p>\n","protected":false},"excerpt":{"rendered":"<p>Les tres fotografies premiades apareixeran en el calendari de l\u2019any 2021 que edita anualment l\u2019Ajuntament de Masquefa. L\u2019Ajuntament ha donat a con\u00e8ixer el veredicte de la cinquena edici\u00f3 del Concurs de Fotografia Instagram Masquefa 2020; un certamen de fotografia impulsat per la Regidoria de Cultura i que enguany tenia com a tem\u00e0tica els colors dels&hellip;<\/p>\n","protected":false},"author":7,"featured_media":25175,"comment_status":"closed","ping_status":"open","sticky":false,"template":"","format":"standard","meta":[],"categories":[96,61,1],"tags":[],"_links":{"self":[{"href":"http:\/\/masquefa.cat\/noticies\/wp-json\/wp\/v2\/posts\/25171"}],"collection":[{"href":"http:\/\/masquefa.cat\/noticies\/wp-json\/wp\/v2\/posts"}],"about":[{"href":"http:\/\/masquefa.cat\/noticies\/wp-json\/wp\/v2\/types\/post"}],"author":[{"embeddable":true,"href":"http:\/\/masquefa.cat\/noticies\/wp-json\/wp\/v2\/users\/7"}],"replies":[{"embeddable":true,"href":"http:\/\/masquefa.cat\/noticies\/wp-json\/wp\/v2\/comments?post=25171"}],"version-history":[{"count":1,"href":"http:\/\/masquefa.cat\/noticies\/wp-json\/wp\/v2\/posts\/25171\/revisions"}],"predecessor-version":[{"id":25179,"href":"http:\/\/masquefa.cat\/noticies\/wp-json\/wp\/v2\/posts\/25171\/revisions\/25179"}],"wp:featuredmedia":[{"embeddable":true,"href":"http:\/\/masquefa.cat\/noticies\/wp-json\/wp\/v2\/media\/25175"}],"wp:attachment":[{"href":"http:\/\/masquefa.cat\/noticies\/wp-json\/wp\/v2\/media?parent=25171"}],"wp:term":[{"taxonomy":"category","embeddable":true,"href":"http:\/\/masquefa.cat\/noticies\/wp-json\/wp\/v2\/categories?post=25171"},{"taxonomy":"post_tag","embeddable":true,"href":"http:\/\/masquefa.cat\/noticies\/wp-json\/wp\/v2\/tags?post=25171"}],"curies":[{"name":"wp","href":"https:\/\/api.w.org\/{rel}","templated":true}]}}