{"id":25542,"date":"2021-02-23T15:44:30","date_gmt":"2021-02-23T14:44:30","guid":{"rendered":"http:\/\/masquefa.cat\/noticies\/?p=25542"},"modified":"2021-04-06T11:21:40","modified_gmt":"2021-04-06T09:21:40","slug":"preinscripcions-escolars-als-centres-educatius-de-masquefa-i-de-la-beguda-alta-per-al-curs-2021-2022","status":"publish","type":"post","link":"http:\/\/masquefa.cat\/noticies\/preinscripcions-escolars-als-centres-educatius-de-masquefa-i-de-la-beguda-alta-per-al-curs-2021-2022\/","title":{"rendered":"Preinscripcions escolars als centres educatius de Masquefa i de La Beguda Alta per al curs 2021-2022"},"content":{"rendered":"<p><strong>Enguany les inscripcions es faran de forma telem\u00e0tica. Nom\u00e9s en casos puntuals, en qu\u00e8 els sol\u00b7licitants no puguin fer el tr\u00e0mit en l\u00ednia, es permetr\u00e0 fer la inscripci\u00f3 presencialment demanant cita pr\u00e8via al centre que hagin escollit com a primera opci\u00f3.<\/strong><\/p>\n<p>Durant el mes de mar\u00e7 s\u2019obrir\u00e0 el per\u00edode de preinscripci\u00f3 escolar per als<strong>\u00a0<\/strong>ensenyaments de segon cicle d\u2019educaci\u00f3 infantil, educaci\u00f3 prim\u00e0ria i educaci\u00f3 secund\u00e0ria obligat\u00f2ria<strong>\u00a0<\/strong>a l\u2019<strong><a href=\"https:\/\/blocs.xtec.cat\/escolaelturomasquefa\/\" target=\"_blank\" rel=\"noopener noreferrer\">Escola El Tur\u00f3<\/a><\/strong>, l\u2019<strong><a href=\"https:\/\/agora.xtec.cat\/ceip-fontroure\/\" target=\"_blank\" rel=\"noopener noreferrer\">Escola Font del Roure<\/a><\/strong>, l\u2019<strong><a href=\"https:\/\/agora.xtec.cat\/esc-vinyesverdes\/\" target=\"_blank\" rel=\"noopener noreferrer\">Escola Vinyes Verdes<\/a>\u00a0<\/strong>i l\u2019<strong><a href=\"https:\/\/agora.xtec.cat\/institutdemasquefa\/\" target=\"_blank\" rel=\"noopener noreferrer\">Institut de Masquefa<\/a><\/strong>, per al curs 2021-2022.<\/p>\n<p>Enguany, en compliment de les restriccions i mesures de seguretat per la pand\u00e8mia de Covid-19, es prioritzar\u00e0 la preinscripci\u00f3 telem\u00e0tica.<\/p>\n<p><strong><u>Segon cicle d\u2019educaci\u00f3 infantil i educaci\u00f3 prim\u00e0ria<\/u><\/strong><\/p>\n<p>En el cas del segon cicle d\u2019educaci\u00f3 infantil i educaci\u00f3 prim\u00e0ria les preinscripcions a l\u2019Escola El Tur\u00f3, l\u2019Escola Font del Roure i l\u2019Escola Vinyes Verdes s\u2019hauran de formalitzar <strong>del 15 al 24 de mar\u00e7 <\/strong>a trav\u00e9s d\u2019una d\u2019aquestes dues vies:<\/p>\n<ul>\n<li>Per via telem\u00e0tica, a trav\u00e9s del portal web <strong><a href=\"https:\/\/preinscripcio.gencat.cat\/ca\/inici\" target=\"_blank\" rel=\"noopener noreferrer\">preinscripci\u00f3.gencat.cat<\/a><\/strong>.<\/li>\n<li>Aquelles fam\u00edlies que no disposin dels mitjans per a dur a terme el procediment telem\u00e0tic, podran lliurar les seves sol\u00b7licituds <strong>de forma presencial<\/strong> concertant cita pr\u00e8via amb el centre que hagin escollit com a primera opci\u00f3.<\/li>\n<\/ul>\n<p>Pel que fa a les <strong>jornades de portes obertes<\/strong>, enguany les dates seran les seg\u00fcents:<\/p>\n<ul>\n<li>Escola Vinyes Verdes: 1, 5 i 8 de mar\u00e7, de 15.15 a 16.15 h. Cal demanar cita pr\u00e8via a trav\u00e9s del seg\u00fcent <a href=\"https:\/\/agora.xtec.cat\/esc-vinyesverdes\/\" target=\"_blank\" rel=\"noopener noreferrer\">enlla\u00e7<\/a> o trucar al tel\u00e8fon 93 772 76 27.<\/li>\n<li>Escola El Tur\u00f3: 10, 11 i 12 de mar\u00e7 en dos torns, a les 17 i a les 18 h. Cal demanar cita pr\u00e8via enviant un correu electr\u00f2nic a <a href=\"mailto:secretaria@escolaturo.cat\" target=\"_blank\" rel=\"noopener noreferrer\">secretaria@escolaturo.cat<\/a> o trucant al tel\u00e8fon 93 772 51 75.<\/li>\n<li>Escola Font del Roure: 3, 8 i 10 de mar\u00e7, a les 17h. Cal demanar cita pr\u00e8via enviant un correu electr\u00f2nic a <a href=\"mailto:preinscripcions@fontdelroure.cat\" target=\"_blank\" rel=\"noopener noreferrer\">preinscripcions@fontdelroure.cat<\/a> o trucant al tel\u00e8fon 93 772 74 32.<\/li>\n<\/ul>\n<p>Per a m\u00e9s informaci\u00f3 podeu consultar els webs dels centres educatius, trucar al tel\u00e8fon 93 772\u00a0 50 30, enviar un correu electr\u00f2nic a l\u2019adre\u00e7a <a href=\"mailto:educacio@masquefa.net\" target=\"_blank\" rel=\"noopener noreferrer\">educacio@masquefa.net<\/a>, o visitar el web <a href=\"https:\/\/preinscripcio.gencat.cat\/ca\/inici\" target=\"_blank\" rel=\"noopener noreferrer\">preinscripci\u00f3.gencat.cat<\/a>.<\/p>\n<p><strong><u>Educaci\u00f3 secund\u00e0ria obligat\u00f2ria<\/u><\/strong><\/p>\n<p>En el cas de l\u2019educaci\u00f3 secund\u00e0ria obligat\u00f2ria les preinscripcions a l\u2019Institut de Masquefa s\u2019hauran de formalitzar <strong>del 17 al 24 de mar\u00e7 <\/strong>a trav\u00e9s d\u2019una d\u2019aquestes dues vies:<\/p>\n<ul>\n<li>Per via telem\u00e0tica, a trav\u00e9s del seg\u00fcent <a href=\"https:\/\/agora.xtec.cat\/institutdemasquefa\/\" target=\"_blank\" rel=\"noopener noreferrer\">enlla\u00e7<\/a>.<\/li>\n<li>Aquelles fam\u00edlies que no disposin dels mitjans per a dur a terme el procediment telem\u00e0tic, podran lliurar les seves sol\u00b7licituds <strong>de forma presencial<\/strong> concertant cita pr\u00e8via trucant al 93 772 77 22 o a trav\u00e9s de la web del centre, de dilluns a divendres de 8.15 a 14h.<\/li>\n<\/ul>\n<p>Aquest any <strong>no es realitzar\u00e0<\/strong> <strong>jornada de portes obertes<\/strong> presencial. Al <a href=\"https:\/\/agora.xtec.cat\/institutdemasquefa\/\" target=\"_blank\" rel=\"noopener noreferrer\">web del centre<\/a> es publicar\u00e0 un v\u00eddeo sobre l\u2019Institut; i el 10 de mar\u00e7 se celebrar\u00e0 una <strong>reuni\u00f3 informativa<\/strong>, a les 18 h, per via telem\u00e0tica, adre\u00e7ada a les fam\u00edlies dels alumnes de sis\u00e8 de prim\u00e0ria.<\/p>\n<p>Per a m\u00e9s informaci\u00f3 podeu consultar el web de l\u2019Institut de Masquefa, trucar al tel\u00e8fon 93 772\u00a0 50 30, enviar un correu electr\u00f2nic a l\u2019adre\u00e7a <a href=\"mailto:educacio@masquefa.net\" target=\"_blank\" rel=\"noopener noreferrer\">educacio@masquefa.net<\/a>, o visitar el web <a href=\"https:\/\/preinscripcio.gencat.cat\/ca\/inici\" target=\"_blank\" rel=\"noopener noreferrer\">preinscripci\u00f3.gencat.cat<\/a>.<\/p>\n<p><strong><u>Primer cicle d\u2019educaci\u00f3 infantil<\/u><\/strong><\/p>\n<p>Finalment, en el cas del primer\u00a0cicle d\u2019educaci\u00f3 infantil (0-3 anys) les preinscripcions a l&#8217;<a href=\"https:\/\/masquefa.cat\/educacio\/#\" target=\"_blank\" rel=\"noopener noreferrer\"><strong>Escola Bressol Municipal La Baldufa<\/strong><\/a> i a l&#8217;<a href=\"https:\/\/agora.xtec.cat\/esc-vinyesverdes\/\" target=\"_blank\" rel=\"noopener noreferrer\"><strong>Escola Vinyes Verdes (P1 i P2)<\/strong><\/a> es duran a terme <strong>del 10 al 21 de maig<\/strong>. Pr\u00f2ximament es facilitar\u00e0 m\u00e9s informaci\u00f3.<\/p>\n<p>&nbsp;<\/p>\n","protected":false},"excerpt":{"rendered":"<p>Enguany les inscripcions es faran de forma telem\u00e0tica. Nom\u00e9s en casos puntuals, en qu\u00e8 els sol\u00b7licitants no puguin fer el tr\u00e0mit en l\u00ednia, es permetr\u00e0 fer la inscripci\u00f3 presencialment demanant cita pr\u00e8via al centre que hagin escollit com a primera opci\u00f3. Durant el mes de mar\u00e7 s\u2019obrir\u00e0 el per\u00edode de preinscripci\u00f3 escolar per als\u00a0ensenyaments de&hellip;<\/p>\n","protected":false},"author":7,"featured_media":25543,"comment_status":"closed","ping_status":"open","sticky":false,"template":"","format":"standard","meta":[],"categories":[96,62,1],"tags":[],"_links":{"self":[{"href":"http:\/\/masquefa.cat\/noticies\/wp-json\/wp\/v2\/posts\/25542"}],"collection":[{"href":"http:\/\/masquefa.cat\/noticies\/wp-json\/wp\/v2\/posts"}],"about":[{"href":"http:\/\/masquefa.cat\/noticies\/wp-json\/wp\/v2\/types\/post"}],"author":[{"embeddable":true,"href":"http:\/\/masquefa.cat\/noticies\/wp-json\/wp\/v2\/users\/7"}],"replies":[{"embeddable":true,"href":"http:\/\/masquefa.cat\/noticies\/wp-json\/wp\/v2\/comments?post=25542"}],"version-history":[{"count":3,"href":"http:\/\/masquefa.cat\/noticies\/wp-json\/wp\/v2\/posts\/25542\/revisions"}],"predecessor-version":[{"id":25562,"href":"http:\/\/masquefa.cat\/noticies\/wp-json\/wp\/v2\/posts\/25542\/revisions\/25562"}],"wp:featuredmedia":[{"embeddable":true,"href":"http:\/\/masquefa.cat\/noticies\/wp-json\/wp\/v2\/media\/25543"}],"wp:attachment":[{"href":"http:\/\/masquefa.cat\/noticies\/wp-json\/wp\/v2\/media?parent=25542"}],"wp:term":[{"taxonomy":"category","embeddable":true,"href":"http:\/\/masquefa.cat\/noticies\/wp-json\/wp\/v2\/categories?post=25542"},{"taxonomy":"post_tag","embeddable":true,"href":"http:\/\/masquefa.cat\/noticies\/wp-json\/wp\/v2\/tags?post=25542"}],"curies":[{"name":"wp","href":"https:\/\/api.w.org\/{rel}","templated":true}]}}