{"id":25696,"date":"2021-03-26T09:27:48","date_gmt":"2021-03-26T08:27:48","guid":{"rendered":"http:\/\/masquefa.cat\/noticies\/?p=25696"},"modified":"2021-03-26T09:28:42","modified_gmt":"2021-03-26T08:28:42","slug":"a-lhora-desmorzar-fes-ho-sense-residus","status":"publish","type":"post","link":"http:\/\/masquefa.cat\/noticies\/a-lhora-desmorzar-fes-ho-sense-residus\/","title":{"rendered":"A l\u2019hora d\u2019esmorzar, fes-ho sense residus!"},"content":{"rendered":"<p><strong>L\u2019Ajuntament ha repartit entre l\u2019alumnat de les escoles i el personal municipal del consistori un original embolcall reutilitzable per a que en puguin fer \u00fas a l\u2019hora d\u2019esmorzar.<\/strong><\/p>\n<p>Amb l\u2019objectiu de promocionar el foment del reciclatge i minimitzar la generaci\u00f3 de residus al municipi, la Regidoria de Medi Ambient de l\u2019Ajuntament ha dut a terme aquesta setmana una nova acci\u00f3 en el marc del <strong>Pla de prevenci\u00f3 de residus<\/strong> aprovat l\u2019any 2019, concretament d\u2019envasos lleugers.<\/p>\n<p>Es tracta del repartiment gratu\u00eft a totes les escoles de Masquefa i La Beguda Alta d\u2019un <strong>embolcall reutilitzable per a entrepans, galetes, fruita i altres aliments <\/strong>que substitueix els productes tradicionals com poden ser la bossa de pl\u00e0stic o el paper d\u2019alumini d\u2019un sol \u00fas. El producte t\u00e9 un senzill sistema de tancament que protegeix i mant\u00e9 embolcallat l\u2019aliment i hi permet donar cabuda a esmorzars saludables.<\/p>\n<p>Enrique G\u00f3mez, regidor de Medi Ambient, convida a les fam\u00edlies a sumar-se a la iniciativa i emmarca aquesta campanya en la voluntat de l\u2019equip de govern de <strong>\u201cseguir educant i formant els nostres fills en el benefici col\u00b7lectiu que representa tenir cura del nostre entorn i del medi ambient\u201d<\/strong>.<\/p>\n<p>Aquests embolcalls -l\u2019adquisici\u00f3 dels quals s\u2019ha finan\u00e7at a trav\u00e9s de l\u2019empresa de recollida de residus CLD- tamb\u00e9 s\u2019han lliurat al personal de l\u2019Ajuntament; i pr\u00f2ximament, donant continu\u00eftat a aquesta campanya, tamb\u00e9 es faran arribar als alumnes de secund\u00e0ria del municipi.<\/p>\n<p>&nbsp;<\/p>\n<p><img decoding=\"async\" loading=\"lazy\" class=\" wp-image-25699 aligncenter\" src=\"https:\/\/ajmasquefa-multimedia-wp.s3.eu-central-1.amazonaws.com\/wp-content\/uploads\/sites\/22\/2021\/03\/26092652\/1616607467089-scaled.jpg\" alt=\"\" width=\"600\" height=\"540\" srcset=\"https:\/\/ajmasquefa-multimedia-wp.s3.eu-central-1.amazonaws.com\/wp-content\/uploads\/sites\/22\/2021\/03\/26092652\/1616607467089-scaled.jpg 2560w, https:\/\/ajmasquefa-multimedia-wp.s3.eu-central-1.amazonaws.com\/wp-content\/uploads\/sites\/22\/2021\/03\/26092652\/1616607467089-300x270.jpg 300w, https:\/\/ajmasquefa-multimedia-wp.s3.eu-central-1.amazonaws.com\/wp-content\/uploads\/sites\/22\/2021\/03\/26092652\/1616607467089-1024x920.jpg 1024w, https:\/\/ajmasquefa-multimedia-wp.s3.eu-central-1.amazonaws.com\/wp-content\/uploads\/sites\/22\/2021\/03\/26092652\/1616607467089-768x690.jpg 768w, https:\/\/ajmasquefa-multimedia-wp.s3.eu-central-1.amazonaws.com\/wp-content\/uploads\/sites\/22\/2021\/03\/26092652\/1616607467089-1536x1380.jpg 1536w, https:\/\/ajmasquefa-multimedia-wp.s3.eu-central-1.amazonaws.com\/wp-content\/uploads\/sites\/22\/2021\/03\/26092652\/1616607467089-2048x1840.jpg 2048w, https:\/\/ajmasquefa-multimedia-wp.s3.eu-central-1.amazonaws.com\/wp-content\/uploads\/sites\/22\/2021\/03\/26092652\/1616607467089-1320x1186.jpg 1320w\" sizes=\"(max-width: 600px) 100vw, 600px\" \/><\/p>\n","protected":false},"excerpt":{"rendered":"<p>L\u2019Ajuntament ha repartit entre l\u2019alumnat de les escoles i el personal municipal del consistori un original embolcall reutilitzable per a que en puguin fer \u00fas a l\u2019hora d\u2019esmorzar. Amb l\u2019objectiu de promocionar el foment del reciclatge i minimitzar la generaci\u00f3 de residus al municipi, la Regidoria de Medi Ambient de l\u2019Ajuntament ha dut a terme&hellip;<\/p>\n","protected":false},"author":7,"featured_media":25698,"comment_status":"closed","ping_status":"open","sticky":false,"template":"","format":"standard","meta":[],"categories":[96,62,1,97],"tags":[],"_links":{"self":[{"href":"http:\/\/masquefa.cat\/noticies\/wp-json\/wp\/v2\/posts\/25696"}],"collection":[{"href":"http:\/\/masquefa.cat\/noticies\/wp-json\/wp\/v2\/posts"}],"about":[{"href":"http:\/\/masquefa.cat\/noticies\/wp-json\/wp\/v2\/types\/post"}],"author":[{"embeddable":true,"href":"http:\/\/masquefa.cat\/noticies\/wp-json\/wp\/v2\/users\/7"}],"replies":[{"embeddable":true,"href":"http:\/\/masquefa.cat\/noticies\/wp-json\/wp\/v2\/comments?post=25696"}],"version-history":[{"count":2,"href":"http:\/\/masquefa.cat\/noticies\/wp-json\/wp\/v2\/posts\/25696\/revisions"}],"predecessor-version":[{"id":25702,"href":"http:\/\/masquefa.cat\/noticies\/wp-json\/wp\/v2\/posts\/25696\/revisions\/25702"}],"wp:featuredmedia":[{"embeddable":true,"href":"http:\/\/masquefa.cat\/noticies\/wp-json\/wp\/v2\/media\/25698"}],"wp:attachment":[{"href":"http:\/\/masquefa.cat\/noticies\/wp-json\/wp\/v2\/media?parent=25696"}],"wp:term":[{"taxonomy":"category","embeddable":true,"href":"http:\/\/masquefa.cat\/noticies\/wp-json\/wp\/v2\/categories?post=25696"},{"taxonomy":"post_tag","embeddable":true,"href":"http:\/\/masquefa.cat\/noticies\/wp-json\/wp\/v2\/tags?post=25696"}],"curies":[{"name":"wp","href":"https:\/\/api.w.org\/{rel}","templated":true}]}}