{"id":26406,"date":"2021-10-05T07:40:06","date_gmt":"2021-10-05T05:40:06","guid":{"rendered":"http:\/\/masquefa.cat\/noticies\/?p=26406"},"modified":"2021-10-05T07:40:59","modified_gmt":"2021-10-05T05:40:59","slug":"el-projecte-estrategic-marca-masquefa-identitat-reputacio-atraccio-inicia-el-seu-cami","status":"publish","type":"post","link":"http:\/\/masquefa.cat\/noticies\/el-projecte-estrategic-marca-masquefa-identitat-reputacio-atraccio-inicia-el-seu-cami\/","title":{"rendered":"El projecte estrat\u00e8gic \u2018Marca Masquefa: identitat | reputaci\u00f3 | atracci\u00f3\u2019 inicia el seu cam\u00ed"},"content":{"rendered":"<p><strong>L\u2019\u00e0rea de Promoci\u00f3 del Territori de l\u2019Ajuntament de Masquefa desenvolupar\u00e0 una estrat\u00e8gia de <em>branding place<\/em> amb l\u2019objectiu de construir i mantenir una reputaci\u00f3 distintiva, positiva i competitiva per Masquefa.<\/strong><\/p>\n<p>Masquefa inicia el projecte estrat\u00e8gic \u2018<strong>Marca Masquefa: identitat | reputaci\u00f3 | atracci\u00f3<\/strong>\u2019 que pret\u00e9n, a partir de la identitat i la narrativa territorial, treballar la reputaci\u00f3 del municipi, aprofundir en l\u2019orgull de pertinen\u00e7a a nivell intern i generar atracci\u00f3 a nivell extern. Aquest projecte compta amb l\u2019acompanyament cient\u00edfic del <a href=\"https:\/\/urecerca.uvic.cat\/CawDOS\/jsf\/seleccionPersonalEstamento\/seleccionPersonal.jsf?id=a6ff1d8a78bbe289&amp;idioma=ca&amp;tipo=grupo&amp;elmeucv=N\" target=\"_blank\" rel=\"noopener noreferrer\">grup de recerca TRACTE<\/a> de la Universitat de Vic i el suport econ\u00f2mic\u00a0 de la Diputaci\u00f3 de Barcelona. La partici\u00f3 ciutadana ser\u00e0 un factor fonamental en el seu desenvolupament.<\/p>\n<p>Tal i com explica el regidor Daniel Guti\u00e9rrez: <strong>\u201cLes identitats dels llocs es construeixen mitjan\u00e7ant discursos hist\u00f2rics, pol\u00edtics i culturals, tamb\u00e9 a trav\u00e9s del coneixement local. El que pretenem per Masquefa \u00e9s, mitjan\u00e7ant la projecci\u00f3 d\u2019una marca territorial, en primer lloc, crear un relat de territori que sigui coherent amb el posicionament que perseguim, i en segon lloc, alinear l\u2019estrat\u00e8gia de posicionament per tal que Masquefa esdevingui un pol d\u2019atracci\u00f3 de capital hum\u00e0 i econ\u00f2mic<\/strong>\u201d.<\/p>\n<p>Aix\u00ed mateix, l\u2019objectiu de la creaci\u00f3 de la marca no es limita a projectar i a comunicar una determinada imatge i reputaci\u00f3 a l\u2019exterior, sin\u00f3 que el seu tret diferencial es concreti en un<strong> treball espec\u00edfic amb el p\u00fablic intern <\/strong>(ve\u00efnat) en un intent d\u2019enaltir l\u2019orgull de resid\u00e8ncia i el sentiment de pertinen\u00e7a a un determinat espai.<\/p>\n<p>Els objectius espec\u00edfics per la creaci\u00f3 de la marca territorial de Masquefa s\u00f3n:<\/p>\n<ul>\n<li><strong>Posicionar-nos<\/strong>: a partir de la definici\u00f3 d\u2019una identitat que esdev\u00e9 l\u2019element de singularitat per excel\u00b7l\u00e8ncia d\u2019un territori.<\/li>\n<li><strong>Generar un sentiment d\u2019adscripci\u00f3<\/strong> per part de les comunitats locals a la marca proposada.<\/li>\n<li>Treballar les <strong>percepcions positives<\/strong> del territori objecte de representaci\u00f3.<\/li>\n<li>Element de potenciaci\u00f3, facilitador i d\u2019acompanyament dels processos de <strong>promoci\u00f3 econ\u00f2mica i desenvolupament local<\/strong> del territori.<\/li>\n<\/ul>\n<p><strong><u>Proc\u00e9s participatiu<\/u><\/strong><\/p>\n<p>El ve\u00efnat hi tindr\u00e0 molt a dir. Despr\u00e9s de l\u2019etapa d\u2019elaboraci\u00f3 de la diagnosi, es constituiran grups de discussi\u00f3 on es reflexionar\u00e0 sobre temes diversos i es faran propostes. Tamb\u00e9 es far\u00e0 un q\u00fcestionari per identificar opinions del conjunt de la poblaci\u00f3 i, per \u00faltim, es faran entrevistes en profunditat a persones que, per traject\u00f2ria i experi\u00e8ncia, puguin aportar coneixements valuosos per al disseny de la marca.<\/p>\n<p>A partir de l\u2019octubre i durant la tardor s\u2019iniciaran els treballs de diagnosi i el proc\u00e9s de participaci\u00f3. El final del projecte est\u00e0 previst pel segon trimestre de 2022.<\/p>\n<p>&nbsp;<\/p>\n<p><a class=\"dt-single-image\" href=\"https:\/\/ajmasquefa-multimedia-wp.s3.eu-central-1.amazonaws.com\/wp-content\/uploads\/sites\/22\/2021\/10\/05073814\/8.jpg\" data-dt-img-description=\"\"><img decoding=\"async\" loading=\"lazy\" class=\" wp-image-26407 aligncenter\" src=\"https:\/\/ajmasquefa-multimedia-wp.s3.eu-central-1.amazonaws.com\/wp-content\/uploads\/sites\/22\/2021\/10\/05073814\/8.jpg\" alt=\"\" width=\"872\" height=\"872\" \/><\/a><\/p>\n","protected":false},"excerpt":{"rendered":"<p>L\u2019\u00e0rea de Promoci\u00f3 del Territori de l\u2019Ajuntament de Masquefa desenvolupar\u00e0 una estrat\u00e8gia de branding place amb l\u2019objectiu de construir i mantenir una reputaci\u00f3 distintiva, positiva i competitiva per Masquefa. Masquefa inicia el projecte estrat\u00e8gic \u2018Marca Masquefa: identitat | reputaci\u00f3 | atracci\u00f3\u2019 que pret\u00e9n, a partir de la identitat i la narrativa territorial, treballar la reputaci\u00f3&hellip;<\/p>\n","protected":false},"author":7,"featured_media":26409,"comment_status":"closed","ping_status":"open","sticky":false,"template":"","format":"standard","meta":[],"categories":[96,1,103],"tags":[],"_links":{"self":[{"href":"http:\/\/masquefa.cat\/noticies\/wp-json\/wp\/v2\/posts\/26406"}],"collection":[{"href":"http:\/\/masquefa.cat\/noticies\/wp-json\/wp\/v2\/posts"}],"about":[{"href":"http:\/\/masquefa.cat\/noticies\/wp-json\/wp\/v2\/types\/post"}],"author":[{"embeddable":true,"href":"http:\/\/masquefa.cat\/noticies\/wp-json\/wp\/v2\/users\/7"}],"replies":[{"embeddable":true,"href":"http:\/\/masquefa.cat\/noticies\/wp-json\/wp\/v2\/comments?post=26406"}],"version-history":[{"count":2,"href":"http:\/\/masquefa.cat\/noticies\/wp-json\/wp\/v2\/posts\/26406\/revisions"}],"predecessor-version":[{"id":26411,"href":"http:\/\/masquefa.cat\/noticies\/wp-json\/wp\/v2\/posts\/26406\/revisions\/26411"}],"wp:featuredmedia":[{"embeddable":true,"href":"http:\/\/masquefa.cat\/noticies\/wp-json\/wp\/v2\/media\/26409"}],"wp:attachment":[{"href":"http:\/\/masquefa.cat\/noticies\/wp-json\/wp\/v2\/media?parent=26406"}],"wp:term":[{"taxonomy":"category","embeddable":true,"href":"http:\/\/masquefa.cat\/noticies\/wp-json\/wp\/v2\/categories?post=26406"},{"taxonomy":"post_tag","embeddable":true,"href":"http:\/\/masquefa.cat\/noticies\/wp-json\/wp\/v2\/tags?post=26406"}],"curies":[{"name":"wp","href":"https:\/\/api.w.org\/{rel}","templated":true}]}}