{"id":26412,"date":"2021-10-06T15:03:20","date_gmt":"2021-10-06T13:03:20","guid":{"rendered":"http:\/\/masquefa.cat\/noticies\/?p=26412"},"modified":"2021-10-15T11:41:20","modified_gmt":"2021-10-15T09:41:20","slug":"apuntat-al-taller-dautocura-per-a-treballadores-de-la-llar-i-professionals-de-les-cures","status":"publish","type":"post","link":"http:\/\/masquefa.cat\/noticies\/apuntat-al-taller-dautocura-per-a-treballadores-de-la-llar-i-professionals-de-les-cures\/","title":{"rendered":"Apunta\u2019t al taller d\u2019autocura per a treballadores de la llar i professionals de les cures"},"content":{"rendered":"<p><strong>Per a participar-hi cal inscriure\u2019s pr\u00e8viament a igualtat@masquefa.net o al 93 772 50 30, indicant el nombre de persones que hi assistiran.<\/strong><\/p>\n<p>La Regidoria d\u2019Igualtat de l\u2019Ajuntament de Masquefa impulsa aquest mes d\u2019octubre un <strong>taller d\u2019autocura<\/strong> adre\u00e7at a treballadores de la llar i professionals de les cures que cuiden persones en situaci\u00f3 de depend\u00e8ncia per ra\u00f3 d\u2019edat, salut o discapacitat.<\/p>\n<p>La sessi\u00f3 tindr\u00e0 lloc el divendres<strong> 22 d\u2019octubre<\/strong>, de 18 a 20 h, a la biblioteca; i tothom qui hi vulgui participar <strong>cal que s\u2019inscrigui pr\u00e8viament<\/strong> enviant un correu electr\u00f2nic a l\u2019adre\u00e7a igualtat@masquefa.net o trucant al tel\u00e8fon 93 772 50 30, indicant el nombre de persones que hi assistiran.<\/p>\n<p>L\u2019Ajuntament recomana a totes les assistents portar roba c\u00f2mode i recorda que l\u2019\u00fas de la mascareta ser\u00e0 obligatori.<\/p>\n","protected":false},"excerpt":{"rendered":"<p>Per a participar-hi cal inscriure\u2019s pr\u00e8viament a igualtat@masquefa.net o al 93 772 50 30, indicant el nombre de persones que hi assistiran. La Regidoria d\u2019Igualtat de l\u2019Ajuntament de Masquefa impulsa aquest mes d\u2019octubre un taller d\u2019autocura adre\u00e7at a treballadores de la llar i professionals de les cures que cuiden persones en situaci\u00f3 de depend\u00e8ncia per&hellip;<\/p>\n","protected":false},"author":7,"featured_media":26413,"comment_status":"closed","ping_status":"open","sticky":false,"template":"","format":"standard","meta":[],"categories":[96,1,100],"tags":[],"_links":{"self":[{"href":"http:\/\/masquefa.cat\/noticies\/wp-json\/wp\/v2\/posts\/26412"}],"collection":[{"href":"http:\/\/masquefa.cat\/noticies\/wp-json\/wp\/v2\/posts"}],"about":[{"href":"http:\/\/masquefa.cat\/noticies\/wp-json\/wp\/v2\/types\/post"}],"author":[{"embeddable":true,"href":"http:\/\/masquefa.cat\/noticies\/wp-json\/wp\/v2\/users\/7"}],"replies":[{"embeddable":true,"href":"http:\/\/masquefa.cat\/noticies\/wp-json\/wp\/v2\/comments?post=26412"}],"version-history":[{"count":1,"href":"http:\/\/masquefa.cat\/noticies\/wp-json\/wp\/v2\/posts\/26412\/revisions"}],"predecessor-version":[{"id":26414,"href":"http:\/\/masquefa.cat\/noticies\/wp-json\/wp\/v2\/posts\/26412\/revisions\/26414"}],"wp:featuredmedia":[{"embeddable":true,"href":"http:\/\/masquefa.cat\/noticies\/wp-json\/wp\/v2\/media\/26413"}],"wp:attachment":[{"href":"http:\/\/masquefa.cat\/noticies\/wp-json\/wp\/v2\/media?parent=26412"}],"wp:term":[{"taxonomy":"category","embeddable":true,"href":"http:\/\/masquefa.cat\/noticies\/wp-json\/wp\/v2\/categories?post=26412"},{"taxonomy":"post_tag","embeddable":true,"href":"http:\/\/masquefa.cat\/noticies\/wp-json\/wp\/v2\/tags?post=26412"}],"curies":[{"name":"wp","href":"https:\/\/api.w.org\/{rel}","templated":true}]}}