{"id":27034,"date":"2022-03-22T08:00:48","date_gmt":"2022-03-22T07:00:48","guid":{"rendered":"http:\/\/masquefa.cat\/noticies\/?p=27034"},"modified":"2022-03-18T11:31:51","modified_gmt":"2022-03-18T10:31:51","slug":"la-sala-polivalent-de-la-fabrica-rogelio-rojo-compta-amb-dos-nous-equips-de-climatitzacio","status":"publish","type":"post","link":"http:\/\/masquefa.cat\/noticies\/la-sala-polivalent-de-la-fabrica-rogelio-rojo-compta-amb-dos-nous-equips-de-climatitzacio\/","title":{"rendered":"La Sala Polivalent de La F\u00e0brica Rogelio Rojo compta amb dos nous equips de climatitzaci\u00f3"},"content":{"rendered":"<p><strong>L\u2019actuaci\u00f3 s\u2019ha dut a terme a trav\u00e9s d\u2019una subvenci\u00f3 de la Diputaci\u00f3 de Barcelona.<\/strong><\/p>\n<p>La <strong>Diputaci\u00f3 de Barcelona<\/strong>, en el marc del programa de reforma, millora i manteniment d&#8217;equipaments culturals locals (2021 \u2013 2022), ha atorgat a l\u2019Ajuntament de Masquefa una <strong>subvenci\u00f3<\/strong> per un import de 32.000\u20ac per a la <strong>instal\u00b7laci\u00f3 de dos equips de climatitzaci\u00f3 a la Sala Polivalent de La F\u00e0brica Rogelio Rojo<\/strong>.<\/p>\n<p>L\u2019actuaci\u00f3 ha consistit en la substituci\u00f3 del Roof Top i l\u2019aire condicionat per nous elements que tenen unes prestacions similars, per\u00f2 son m\u00e9s eficaces i eficients energ\u00e8ticament.<\/p>\n<p>&nbsp;<\/p>\n<p><a class=\"dt-single-image\" href=\"https:\/\/ajmasquefa-multimedia-wp.s3.eu-central-1.amazonaws.com\/wp-content\/uploads\/sites\/22\/2022\/03\/18113137\/Marca-DB-positiu-horitzontal.jpg\" data-dt-img-description=\"\"><img decoding=\"async\" loading=\"lazy\" class=\" wp-image-27036 aligncenter\" src=\"https:\/\/ajmasquefa-multimedia-wp.s3.eu-central-1.amazonaws.com\/wp-content\/uploads\/sites\/22\/2022\/03\/18113137\/Marca-DB-positiu-horitzontal.jpg\" alt=\"\" width=\"580\" height=\"191\" \/><\/a><\/p>\n","protected":false},"excerpt":{"rendered":"<p>L\u2019actuaci\u00f3 s\u2019ha dut a terme a trav\u00e9s d\u2019una subvenci\u00f3 de la Diputaci\u00f3 de Barcelona. La Diputaci\u00f3 de Barcelona, en el marc del programa de reforma, millora i manteniment d&#8217;equipaments culturals locals (2021 \u2013 2022), ha atorgat a l\u2019Ajuntament de Masquefa una subvenci\u00f3 per un import de 32.000\u20ac per a la instal\u00b7laci\u00f3 de dos equips de&hellip;<\/p>\n","protected":false},"author":7,"featured_media":27035,"comment_status":"closed","ping_status":"open","sticky":false,"template":"","format":"standard","meta":[],"categories":[96,1,73],"tags":[],"_links":{"self":[{"href":"http:\/\/masquefa.cat\/noticies\/wp-json\/wp\/v2\/posts\/27034"}],"collection":[{"href":"http:\/\/masquefa.cat\/noticies\/wp-json\/wp\/v2\/posts"}],"about":[{"href":"http:\/\/masquefa.cat\/noticies\/wp-json\/wp\/v2\/types\/post"}],"author":[{"embeddable":true,"href":"http:\/\/masquefa.cat\/noticies\/wp-json\/wp\/v2\/users\/7"}],"replies":[{"embeddable":true,"href":"http:\/\/masquefa.cat\/noticies\/wp-json\/wp\/v2\/comments?post=27034"}],"version-history":[{"count":1,"href":"http:\/\/masquefa.cat\/noticies\/wp-json\/wp\/v2\/posts\/27034\/revisions"}],"predecessor-version":[{"id":27037,"href":"http:\/\/masquefa.cat\/noticies\/wp-json\/wp\/v2\/posts\/27034\/revisions\/27037"}],"wp:featuredmedia":[{"embeddable":true,"href":"http:\/\/masquefa.cat\/noticies\/wp-json\/wp\/v2\/media\/27035"}],"wp:attachment":[{"href":"http:\/\/masquefa.cat\/noticies\/wp-json\/wp\/v2\/media?parent=27034"}],"wp:term":[{"taxonomy":"category","embeddable":true,"href":"http:\/\/masquefa.cat\/noticies\/wp-json\/wp\/v2\/categories?post=27034"},{"taxonomy":"post_tag","embeddable":true,"href":"http:\/\/masquefa.cat\/noticies\/wp-json\/wp\/v2\/tags?post=27034"}],"curies":[{"name":"wp","href":"https:\/\/api.w.org\/{rel}","templated":true}]}}