{"id":27645,"date":"2022-09-12T08:00:30","date_gmt":"2022-09-12T06:00:30","guid":{"rendered":"http:\/\/masquefa.cat\/noticies\/?p=27645"},"modified":"2022-09-09T14:32:05","modified_gmt":"2022-09-09T12:32:05","slug":"la-policia-local-incorpora-a-un-nou-agent-interi","status":"publish","type":"post","link":"http:\/\/masquefa.cat\/noticies\/la-policia-local-incorpora-a-un-nou-agent-interi\/","title":{"rendered":"La Policia Local incorpora a un nou agent inter\u00ed"},"content":{"rendered":"<p><strong>Es tracta del senyor I.P.G.<\/strong><\/p>\n<p>La Policia Local de Masquefa ha incorporat aquest mes de setembre a <strong>un nou agent inter\u00ed<\/strong> al cos.<\/p>\n<p>El senyor<strong> I.P.G. <\/strong>-que realitzar\u00e0 un per\u00edode de pr\u00e0ctiques entre l\u20191 i el 30 de setembre de 2022- ocupa el seu lloc de treball des de l\u20191 de setembre i fins a la cobertura definitiva de la pla\u00e7a i\/o per un m\u00e0xim de tres anys.<\/p>\n","protected":false},"excerpt":{"rendered":"<p>Es tracta del senyor I.P.G. La Policia Local de Masquefa ha incorporat aquest mes de setembre a un nou agent inter\u00ed al cos. El senyor I.P.G. -que realitzar\u00e0 un per\u00edode de pr\u00e0ctiques entre l\u20191 i el 30 de setembre de 2022- ocupa el seu lloc de treball des de l\u20191 de setembre i fins a&hellip;<\/p>\n","protected":false},"author":7,"featured_media":27646,"comment_status":"closed","ping_status":"open","sticky":false,"template":"","format":"standard","meta":[],"categories":[95],"tags":[],"_links":{"self":[{"href":"http:\/\/masquefa.cat\/noticies\/wp-json\/wp\/v2\/posts\/27645"}],"collection":[{"href":"http:\/\/masquefa.cat\/noticies\/wp-json\/wp\/v2\/posts"}],"about":[{"href":"http:\/\/masquefa.cat\/noticies\/wp-json\/wp\/v2\/types\/post"}],"author":[{"embeddable":true,"href":"http:\/\/masquefa.cat\/noticies\/wp-json\/wp\/v2\/users\/7"}],"replies":[{"embeddable":true,"href":"http:\/\/masquefa.cat\/noticies\/wp-json\/wp\/v2\/comments?post=27645"}],"version-history":[{"count":1,"href":"http:\/\/masquefa.cat\/noticies\/wp-json\/wp\/v2\/posts\/27645\/revisions"}],"predecessor-version":[{"id":27647,"href":"http:\/\/masquefa.cat\/noticies\/wp-json\/wp\/v2\/posts\/27645\/revisions\/27647"}],"wp:featuredmedia":[{"embeddable":true,"href":"http:\/\/masquefa.cat\/noticies\/wp-json\/wp\/v2\/media\/27646"}],"wp:attachment":[{"href":"http:\/\/masquefa.cat\/noticies\/wp-json\/wp\/v2\/media?parent=27645"}],"wp:term":[{"taxonomy":"category","embeddable":true,"href":"http:\/\/masquefa.cat\/noticies\/wp-json\/wp\/v2\/categories?post=27645"},{"taxonomy":"post_tag","embeddable":true,"href":"http:\/\/masquefa.cat\/noticies\/wp-json\/wp\/v2\/tags?post=27645"}],"curies":[{"name":"wp","href":"https:\/\/api.w.org\/{rel}","templated":true}]}}