{"id":28396,"date":"2023-03-31T08:00:36","date_gmt":"2023-03-31T06:00:36","guid":{"rendered":"https:\/\/masquefa.cat\/noticies\/?p=28396"},"modified":"2023-04-03T10:09:12","modified_gmt":"2023-04-03T08:09:12","slug":"inscriu-te-a-les-tres-noves-activitats-de-suport-a-la-funcio-educativa-de-les-families","status":"publish","type":"post","link":"http:\/\/masquefa.cat\/noticies\/inscriu-te-a-les-tres-noves-activitats-de-suport-a-la-funcio-educativa-de-les-families\/","title":{"rendered":"Inscriu-te a les tres noves activitats de suport a la funci\u00f3 educativa de les fam\u00edlies"},"content":{"rendered":"<p><strong>Les sessions es duran a terme en format telem\u00e0tic i per a participar-hi cal inscriure\u2019s enviant un correu electr\u00f2nic a l\u2019adre\u00e7a\u00a0<a href=\"mailto:educacio@masquefa.net\" target=\"_blank\" rel=\"noopener\">educacio@masquefa.net<\/a>\u00a0o trucant al tel\u00e8fon 93 772 50 30.<\/strong><\/p>\n<p>La Regidoria d\u2019Educaci\u00f3 de l\u2019Ajuntament -amb la col\u00b7laboraci\u00f3 de la Diputaci\u00f3 de Barcelona i de les AFA\/AMPA de l\u2019EBM La Baldufa, l\u2019Institut de Masquefa i les escoles El Tur\u00f3, Font del Roure i Vinyes Verdes- proposa tres noves\u00a0<strong>activitats\u00a0de suport a la funci\u00f3 educativa de les fam\u00edlies<\/strong>\u00a0en el marc del projecte \u201cEduquem en fam\u00edlia\u201d.<\/p>\n<p>Es tracta de\u00a0<strong>tres<\/strong>\u00a0<strong>sessions telem\u00e0tiques i gratu\u00eftes<\/strong>\u00a0dirigides als pares i mares amb fills i filles de qualsevol edat, i que tenen com a objectiu ajudar a les fam\u00edlies a reflexionar i intercanviar viv\u00e8ncies sobre l\u2019educaci\u00f3 dels infants i joves. Les sessions comptaran amb la participaci\u00f3 d\u2019un professional expert, que dinamitzar\u00e0 les trobades i oferir\u00e0 eines, recursos i consells per a promoure la crian\u00e7a positiva.<\/p>\n<p><strong><u>\u201cXarxes socials, l\u00edmits i fills: la import\u00e0ncia dels l\u00edmits en l\u2019\u00fas de les xarxes socials\u201d<\/u><\/strong><\/p>\n<p>Adre\u00e7ada a pares i mares amb infants entres 6 i 12 anys. La sessi\u00f3 es far\u00e0 per videoconfer\u00e8ncia l\u2019<strong>11 d\u2019abril<\/strong> de 17 a 19 h.<\/p>\n<p>Es treballaran estrat\u00e8gies per treure el m\u00e0xim profit de les pantalles, tot fomentant la responsabilitat i l\u2019autonomia dels infants. Pret\u00e9n oferir una visi\u00f3 cr\u00edtica i constructiva sobre com les emocions ens governen molt m\u00e9s del que ens pensem i com s\u00f3n el motor de totes les tensions, angoixes i alegries que ens aporta la nostra experi\u00e8ncia digital. Es tracta d\u2019una invitaci\u00f3 a comprendre, per desconstruir i q\u00fcestionar.<\/p>\n<p>&nbsp;<\/p>\n<p><a class=\"dt-single-image\" href=\"https:\/\/masquefa.cat\/noticies\/noticies\/wp-content\/uploads\/sites\/22\/2023\/03\/Tallers-per-a-families_page-0001.jpg\" data-dt-img-description=\"\"><img decoding=\"async\" loading=\"lazy\" class=\" wp-image-28398 aligncenter\" src=\"https:\/\/masquefa.cat\/noticies\/noticies\/wp-content\/uploads\/sites\/22\/2023\/03\/Tallers-per-a-families_page-0001.jpg\" alt=\"\" width=\"600\" height=\"849\" srcset=\"https:\/\/ajmasquefa-multimedia-wp.s3.eu-central-1.amazonaws.com\/wp-content\/uploads\/sites\/22\/2023\/03\/31093944\/Tallers-per-a-families_page-0001.jpg 1241w, https:\/\/ajmasquefa-multimedia-wp.s3.eu-central-1.amazonaws.com\/wp-content\/uploads\/sites\/22\/2023\/03\/31093944\/Tallers-per-a-families_page-0001-212x300.jpg 212w, https:\/\/ajmasquefa-multimedia-wp.s3.eu-central-1.amazonaws.com\/wp-content\/uploads\/sites\/22\/2023\/03\/31093944\/Tallers-per-a-families_page-0001-724x1024.jpg 724w, https:\/\/ajmasquefa-multimedia-wp.s3.eu-central-1.amazonaws.com\/wp-content\/uploads\/sites\/22\/2023\/03\/31093944\/Tallers-per-a-families_page-0001-768x1086.jpg 768w, https:\/\/ajmasquefa-multimedia-wp.s3.eu-central-1.amazonaws.com\/wp-content\/uploads\/sites\/22\/2023\/03\/31093944\/Tallers-per-a-families_page-0001-1086x1536.jpg 1086w\" sizes=\"(max-width: 600px) 100vw, 600px\" \/><\/a><\/p>\n<p>&nbsp;<\/p>\n<p><strong><u>\u201cL\u2019assetjament, eines i estrat\u00e8gies per evitar-lo i actuar quan apareix\u201d<\/u><\/strong><\/p>\n<p>Adre\u00e7ada a pares i mares amb infants entres 6 i 12 anys. La sessi\u00f3 es far\u00e0 per videoconfer\u00e8ncia el <strong>20 d\u2019abril<\/strong> de 17 a 19.30 h.<\/p>\n<p>Es compartiran i clarificaran situacions de risc d\u2019assetjament i es buscaran estrat\u00e8gies per fomentar canvis i afavorir l\u2019acompanyament positiu i l\u2019autonomia dels fills en la infantessa. Com detectar les primeres situacions d\u2019assetjament i identificar quan cal buscar ajuda i quan no. L\u2019aparici\u00f3 dels primers perfils de l\u00edders negatius, com els assetjadors, que tamb\u00e9 s\u00f3n v\u00edctimes i necessiten ajuda.<\/p>\n<p>&nbsp;<\/p>\n<p><a class=\"dt-single-image\" href=\"https:\/\/masquefa.cat\/noticies\/noticies\/wp-content\/uploads\/sites\/22\/2023\/03\/Tallers-per-a-families_page-0002.jpg\" data-dt-img-description=\"\"><img decoding=\"async\" loading=\"lazy\" class=\" wp-image-28399 aligncenter\" src=\"https:\/\/masquefa.cat\/noticies\/noticies\/wp-content\/uploads\/sites\/22\/2023\/03\/Tallers-per-a-families_page-0002.jpg\" alt=\"\" width=\"600\" height=\"849\" srcset=\"https:\/\/ajmasquefa-multimedia-wp.s3.eu-central-1.amazonaws.com\/wp-content\/uploads\/sites\/22\/2023\/03\/31094013\/Tallers-per-a-families_page-0002.jpg 1241w, https:\/\/ajmasquefa-multimedia-wp.s3.eu-central-1.amazonaws.com\/wp-content\/uploads\/sites\/22\/2023\/03\/31094013\/Tallers-per-a-families_page-0002-212x300.jpg 212w, https:\/\/ajmasquefa-multimedia-wp.s3.eu-central-1.amazonaws.com\/wp-content\/uploads\/sites\/22\/2023\/03\/31094013\/Tallers-per-a-families_page-0002-724x1024.jpg 724w, https:\/\/ajmasquefa-multimedia-wp.s3.eu-central-1.amazonaws.com\/wp-content\/uploads\/sites\/22\/2023\/03\/31094013\/Tallers-per-a-families_page-0002-768x1086.jpg 768w, https:\/\/ajmasquefa-multimedia-wp.s3.eu-central-1.amazonaws.com\/wp-content\/uploads\/sites\/22\/2023\/03\/31094013\/Tallers-per-a-families_page-0002-1086x1536.jpg 1086w\" sizes=\"(max-width: 600px) 100vw, 600px\" \/><\/a><\/p>\n<p>&nbsp;<\/p>\n<p><strong><u>\u201cRelacions positives amb els fills i filles: eines per ajudar-los a cr\u00e9ixer\u201d<\/u><\/strong><\/p>\n<p>Adre\u00e7ada a pares i mares amb infants entres 6 i 12 anys. La sessi\u00f3 es far\u00e0 per videoconfer\u00e8ncia el <strong>17 de maig <\/strong>de 17 a 19 h.<\/p>\n<p>Es donaran recursos per prendre consci\u00e8ncia que cal acompanyar els fills i filles en el cam\u00ed de la vida, ells s\u00f3n els protagonistes de la seva vida i han d\u2019aprendre dels seus propis errors. Poder mantenir una bona comunicaci\u00f3 \u00e9s fonamental per poder fer-los costat psicol\u00f2gica i emocionalment i assessorar-los des de ben petits. Al mateix temps que empoderar-los en les seves primeres decisions.<\/p>\n<p>&nbsp;<\/p>\n<p><a class=\"dt-single-image\" href=\"https:\/\/masquefa.cat\/noticies\/noticies\/wp-content\/uploads\/sites\/22\/2023\/03\/Tallers-per-a-families_page-0003.jpg\" data-dt-img-description=\"\"><img decoding=\"async\" loading=\"lazy\" class=\" wp-image-28400 aligncenter\" src=\"https:\/\/masquefa.cat\/noticies\/noticies\/wp-content\/uploads\/sites\/22\/2023\/03\/Tallers-per-a-families_page-0003.jpg\" alt=\"\" width=\"600\" height=\"849\" srcset=\"https:\/\/ajmasquefa-multimedia-wp.s3.eu-central-1.amazonaws.com\/wp-content\/uploads\/sites\/22\/2023\/03\/31094031\/Tallers-per-a-families_page-0003.jpg 1241w, https:\/\/ajmasquefa-multimedia-wp.s3.eu-central-1.amazonaws.com\/wp-content\/uploads\/sites\/22\/2023\/03\/31094031\/Tallers-per-a-families_page-0003-212x300.jpg 212w, https:\/\/ajmasquefa-multimedia-wp.s3.eu-central-1.amazonaws.com\/wp-content\/uploads\/sites\/22\/2023\/03\/31094031\/Tallers-per-a-families_page-0003-724x1024.jpg 724w, https:\/\/ajmasquefa-multimedia-wp.s3.eu-central-1.amazonaws.com\/wp-content\/uploads\/sites\/22\/2023\/03\/31094031\/Tallers-per-a-families_page-0003-768x1086.jpg 768w, https:\/\/ajmasquefa-multimedia-wp.s3.eu-central-1.amazonaws.com\/wp-content\/uploads\/sites\/22\/2023\/03\/31094031\/Tallers-per-a-families_page-0003-1086x1536.jpg 1086w\" sizes=\"(max-width: 600px) 100vw, 600px\" \/><\/a><\/p>\n","protected":false},"excerpt":{"rendered":"<p>Les sessions es duran a terme en format telem\u00e0tic i per a participar-hi cal inscriure\u2019s enviant un correu electr\u00f2nic a l\u2019adre\u00e7a\u00a0educacio@masquefa.net\u00a0o trucant al tel\u00e8fon 93 772 50 30. La Regidoria d\u2019Educaci\u00f3 de l\u2019Ajuntament -amb la col\u00b7laboraci\u00f3 de la Diputaci\u00f3 de Barcelona i de les AFA\/AMPA de l\u2019EBM La Baldufa, l\u2019Institut de Masquefa i les escoles&hellip;<\/p>\n","protected":false},"author":7,"featured_media":28397,"comment_status":"closed","ping_status":"open","sticky":false,"template":"","format":"standard","meta":[],"categories":[96,62,1],"tags":[],"_links":{"self":[{"href":"http:\/\/masquefa.cat\/noticies\/wp-json\/wp\/v2\/posts\/28396"}],"collection":[{"href":"http:\/\/masquefa.cat\/noticies\/wp-json\/wp\/v2\/posts"}],"about":[{"href":"http:\/\/masquefa.cat\/noticies\/wp-json\/wp\/v2\/types\/post"}],"author":[{"embeddable":true,"href":"http:\/\/masquefa.cat\/noticies\/wp-json\/wp\/v2\/users\/7"}],"replies":[{"embeddable":true,"href":"http:\/\/masquefa.cat\/noticies\/wp-json\/wp\/v2\/comments?post=28396"}],"version-history":[{"count":1,"href":"http:\/\/masquefa.cat\/noticies\/wp-json\/wp\/v2\/posts\/28396\/revisions"}],"predecessor-version":[{"id":28401,"href":"http:\/\/masquefa.cat\/noticies\/wp-json\/wp\/v2\/posts\/28396\/revisions\/28401"}],"wp:featuredmedia":[{"embeddable":true,"href":"http:\/\/masquefa.cat\/noticies\/wp-json\/wp\/v2\/media\/28397"}],"wp:attachment":[{"href":"http:\/\/masquefa.cat\/noticies\/wp-json\/wp\/v2\/media?parent=28396"}],"wp:term":[{"taxonomy":"category","embeddable":true,"href":"http:\/\/masquefa.cat\/noticies\/wp-json\/wp\/v2\/categories?post=28396"},{"taxonomy":"post_tag","embeddable":true,"href":"http:\/\/masquefa.cat\/noticies\/wp-json\/wp\/v2\/tags?post=28396"}],"curies":[{"name":"wp","href":"https:\/\/api.w.org\/{rel}","templated":true}]}}