{"id":28542,"date":"2023-05-05T10:47:28","date_gmt":"2023-05-05T08:47:28","guid":{"rendered":"https:\/\/masquefa.cat\/noticies\/?p=28542"},"modified":"2023-05-05T10:47:28","modified_gmt":"2023-05-05T08:47:28","slug":"preinscripcions-al-primer-cicle-deducacio-infantil-pel-curs-2023-2024","status":"publish","type":"post","link":"http:\/\/masquefa.cat\/noticies\/preinscripcions-al-primer-cicle-deducacio-infantil-pel-curs-2023-2024\/","title":{"rendered":"Preinscripcions al primer cicle d\u2019educaci\u00f3 infantil pel curs 2023\/2024"},"content":{"rendered":"<p>La Regidoria d\u2019Educaci\u00f3 de l\u2019Ajuntament de Masquefa informa a totes les fam\u00edlies que pr\u00f2ximament s\u2019obrir\u00e0 el per\u00edode de preinscripci\u00f3 escolar per als<strong>\u00a0<\/strong>ensenyaments de\u00a0<strong>primer cicle d\u2019educaci\u00f3 infantil<\/strong>\u00a0a l\u2019EBM La Baldufa i a l\u2019Escola Vinyes Verdes per al curs 2023\/2024.\u00a0 Les preinscripcions es podran formalitzar\u00a0<strong>del 8 al 19 de maig<\/strong>\u00a0(ambd\u00f3s dies inclosos).<\/p>\n<p><strong><u>Escola Bressol Municipal La Baldufa (c\/Rogelio Rojo, 30)<\/u><\/strong><\/p>\n<p>Per a poder participar en la preinscripci\u00f3 i escolaritzar-se en el centre cal que els infants tinguin com a m\u00ednim 16 setmanes a l\u2019inici del curs escolar (setembre del 2023).\u00a0<strong>La presentaci\u00f3 de sol\u00b7licituds es far\u00e0 presencialment demanant cita pr\u00e8via al 93 772 50 11 o<\/strong> <strong>a<\/strong><strong>\u00a0<a href=\"mailto:escolabressol@masquefa.net\" target=\"_blank\" rel=\"noopener\">escolabressol@masquefa.net<\/a><\/strong>. Tota la informaci\u00f3 la trobareu en aquest\u00a0<a href=\"https:\/\/masquefa.cat\/educacio\/escola-bressol-municipal-la-baldufa\/\" target=\"_blank\" rel=\"noopener\">enlla\u00e7<\/a>.<\/p>\n<p>L\u2019oferta educativa pel curs 2023\/2024 \u00e9s la seg\u00fcent:<\/p>\n<ul>\n<li>Lactants de quatre mesos a un any.<\/li>\n<li>Educaci\u00f3 infantil d\u2019un a dos anys.<\/li>\n<li>Educaci\u00f3 infantil de dos a tres anys.<\/li>\n<\/ul>\n<p><strong><u>Escola Vinyes Verdes (c\/ Moss\u00e8n Cinto Verdaguer, 50 \u2013 La Beguda Alta)<\/u><\/strong><\/p>\n<p>Per poder participar en la preinscripci\u00f3 i escolaritzar-se en el centre cal que els infants tinguin com a m\u00ednim 12 mesos a l\u2019inici del curs escolar (setembre del 2023).\u00a0<strong>La presentaci\u00f3 de sol\u00b7licituds es far\u00e0 presencialment demanant cita pr\u00e8via al 93 772 76 27 o a a8026889@xtec.cat<\/strong><strong>.<\/strong> Tota la informaci\u00f3 la trobareu en aquest\u00a0<a href=\"https:\/\/agora.xtec.cat\/esc-vinyesverdes\/\" target=\"_blank\" rel=\"noopener\">enlla\u00e7<\/a>.<\/p>\n<p>L\u2019oferta educativa pel curs 2023\/2024 \u00e9s la seg\u00fcent:<\/p>\n<ul>\n<li>Aula mixta d\u2019educaci\u00f3 infantil d\u2019un a tres anys. Priorit\u00e0riament, per infants empadronats a La Beguda Alta o amb germans al centre.<\/li>\n<\/ul>\n<p>Al\u00a0<a href=\"https:\/\/masquefa.cat\/educacio\/\" target=\"_blank\" rel=\"noopener\">web d\u2019Educaci\u00f3 de l\u2019Ajuntament de Masquefa<\/a>\u00a0trobareu tota la informaci\u00f3 necess\u00e0ria i per a qualsevol consulta tamb\u00e9 podeu trucat al tel\u00e8fon 93 772 50 30 (ext. 8) o enviar un correu electr\u00f2nic a\u00a0<a href=\"mailto:educacio@masquefa.net\" target=\"_blank\" rel=\"noopener\">educacio@masquefa.net<\/a>.<\/p>\n","protected":false},"excerpt":{"rendered":"<p>La Regidoria d\u2019Educaci\u00f3 de l\u2019Ajuntament de Masquefa informa a totes les fam\u00edlies que pr\u00f2ximament s\u2019obrir\u00e0 el per\u00edode de preinscripci\u00f3 escolar per als\u00a0ensenyaments de\u00a0primer cicle d\u2019educaci\u00f3 infantil\u00a0a l\u2019EBM La Baldufa i a l\u2019Escola Vinyes Verdes per al curs 2023\/2024.\u00a0 Les preinscripcions es podran formalitzar\u00a0del 8 al 19 de maig\u00a0(ambd\u00f3s dies inclosos). Escola Bressol Municipal La Baldufa&hellip;<\/p>\n","protected":false},"author":7,"featured_media":28543,"comment_status":"closed","ping_status":"open","sticky":false,"template":"","format":"standard","meta":[],"categories":[96,62,1],"tags":[],"_links":{"self":[{"href":"http:\/\/masquefa.cat\/noticies\/wp-json\/wp\/v2\/posts\/28542"}],"collection":[{"href":"http:\/\/masquefa.cat\/noticies\/wp-json\/wp\/v2\/posts"}],"about":[{"href":"http:\/\/masquefa.cat\/noticies\/wp-json\/wp\/v2\/types\/post"}],"author":[{"embeddable":true,"href":"http:\/\/masquefa.cat\/noticies\/wp-json\/wp\/v2\/users\/7"}],"replies":[{"embeddable":true,"href":"http:\/\/masquefa.cat\/noticies\/wp-json\/wp\/v2\/comments?post=28542"}],"version-history":[{"count":1,"href":"http:\/\/masquefa.cat\/noticies\/wp-json\/wp\/v2\/posts\/28542\/revisions"}],"predecessor-version":[{"id":28544,"href":"http:\/\/masquefa.cat\/noticies\/wp-json\/wp\/v2\/posts\/28542\/revisions\/28544"}],"wp:featuredmedia":[{"embeddable":true,"href":"http:\/\/masquefa.cat\/noticies\/wp-json\/wp\/v2\/media\/28543"}],"wp:attachment":[{"href":"http:\/\/masquefa.cat\/noticies\/wp-json\/wp\/v2\/media?parent=28542"}],"wp:term":[{"taxonomy":"category","embeddable":true,"href":"http:\/\/masquefa.cat\/noticies\/wp-json\/wp\/v2\/categories?post=28542"},{"taxonomy":"post_tag","embeddable":true,"href":"http:\/\/masquefa.cat\/noticies\/wp-json\/wp\/v2\/tags?post=28542"}],"curies":[{"name":"wp","href":"https:\/\/api.w.org\/{rel}","templated":true}]}}