{"id":28979,"date":"2023-09-15T08:00:29","date_gmt":"2023-09-15T06:00:29","guid":{"rendered":"https:\/\/masquefa.cat\/noticies\/?p=28979"},"modified":"2023-09-15T08:55:44","modified_gmt":"2023-09-15T06:55:44","slug":"sessions-informatives-per-a-barris-sobre-els-ajuts-per-a-la-rehabilitacio-energetica-dhabitatges-i-edificis-residencials","status":"publish","type":"post","link":"http:\/\/masquefa.cat\/noticies\/sessions-informatives-per-a-barris-sobre-els-ajuts-per-a-la-rehabilitacio-energetica-dhabitatges-i-edificis-residencials\/","title":{"rendered":"Sessions informatives per a barris sobre els ajuts per a la rehabilitaci\u00f3 energ\u00e8tica d\u2019habitatges i edificis residencials"},"content":{"rendered":"<p><strong>Amb el suport dels fons Next Generation els ve\u00efns de Masquefa tenen suport per a la rehabilitaci\u00f3 energ\u00e8tica dels seus habitatges.<\/strong><\/p>\n<p>Quatre barris de Masquefa han estat declarats Entorn Residencial de Rehabilitaci\u00f3 Programada (ERPP) i disposen de <strong>fons europeus per a la rehabilitaci\u00f3 energ\u00e8tica d\u2019edificis residencials<\/strong>.<\/p>\n<p>Els <strong>habitatges del casc antic de Masquefa i de La Beguda Alta<\/strong>, aix\u00ed com <strong>els de Barri Nord i Font de la Malesa<\/strong> on es vulguin o s\u2019hagin fet determinats tipus de reformes obres iniciades a partir de l\u20191 de febrer de 2020 poden optar a subvenci\u00f3. El canvi de portes i finestres, l\u2019a\u00efllament de fa\u00e7anes, cobertes o soleres, aix\u00ed com l\u2019\u00fas d\u2019energies renovables poden tenir possibilitat de <strong>subvenci\u00f3 d\u2019entre el 40% i el 80% del cost de reforma<\/strong> segons l\u2019estalvi energ\u00e8tic associat a la mateixa.<\/p>\n<p>Siguis propietari \u00fanic, representant d\u2019una comunitats de propietaris, un usufructuari o arrendatari d\u2019un habitatge o un gestor de la finca, si has fet o tens inter\u00e8s en fer reformes a l\u2019edifici o habitatge residencial, t\u2019interessa assistir a la sessi\u00f3 informativa prevista per al teu barri:<\/p>\n<ul>\n<li><strong>Barri Nord: dimarts 19 de setembre, a les 18.30 h, a la sala d\u2019actes del CTC<\/strong><\/li>\n<li><strong>Font de la Malesa: dimecres 20 de setembre, a les 18.30 h, a la sala d\u2019actes del CTC<\/strong><\/li>\n<li><strong>Casc antic (carrer Major de Masquefa): dimarts 26 de setembre, a les 18.30 h, a la sala d\u2019actes del CTC<\/strong><\/li>\n<li><strong>Casc antic de La Beguda Alta: dimecres 27 de setembre, a les 18.30 h, a l\u2019Envelat de La Beguda Alta<\/strong><\/li>\n<\/ul>\n<p>Es tracta de sessions informatives, d\u2019acc\u00e9s lliure, organitzades per l\u2019Ajuntament de Masquefa i que dur\u00e0 a terme el personal assessor de l\u2019OTEM (Oficina de Transici\u00f3 Energ\u00e8tica de Masquefa). Les sessions es realitzen a la sala d\u2019actes del CTC (excepte la de La Beguda Alta, que es realitzar\u00e0 a l\u2019Envelat), son obertes al p\u00fablic en general i no cal inscripci\u00f3 pr\u00e8via.<\/p>\n<p>Si no tens clar si pertanys o no als quatre barris de Masquefa inclosos com a ERRP, pots consultar el seg\u00fcent <a href=\"https:\/\/www.instamaps.cat\/visor.html?businessid=72e1a15815e09948140940f8f2294105&amp;3D=false#8\/41.634\/1.983\" target=\"_blank\" rel=\"noopener\">visor cartogr\u00e0fic<\/a> amb la delimitaci\u00f3 dels ERRP de Catalunya.<\/p>\n<p><strong><u>Informaci\u00f3 sobre altres l\u00ednies de suport a la transici\u00f3 energ\u00e8tica<\/u><\/strong><\/p>\n<p>En aquestes sessions als barris de Masquefa i La Beguda Ata tamb\u00e9 s\u2019oferir\u00e0 informaci\u00f3 relativa a altres l\u00ednies de suport, tant dels fons Next Generation de la UE, com de l\u2019Estat espanyol, la Generalitat o l\u2019Ajuntament de Masquefa i que poden beneficiar i acompanyar la transici\u00f3 energ\u00e8tica dels habitatges a Masquefa.<\/p>\n<p>Us convidem a assistir a aquestes sessions informatives i tamb\u00e9 a posar-vos en contacte amb l\u2019OTEM a trav\u00e9s dels seg\u00fcents canals:<\/p>\n<ul>\n<li>Web: <a href=\"https:\/\/masquefa.cat\/otem\/\" target=\"_blank\" rel=\"noopener\">https:\/\/masquefa.cat\/otem\/<\/a><\/li>\n<li>Correu electr\u00f2nic: <a href=\"mailto:otem@masquefa.net\" target=\"_blank\" rel=\"noopener\">otem@masquefa.net<\/a><\/li>\n<li>Tel\u00e8fon: 937 727 828\u00a0(extensi\u00f3 4124) o (+34) 604 964 004<\/li>\n<\/ul>\n<p><img decoding=\"async\" loading=\"lazy\" class=\"aligncenter wp-image-28980\" src=\"https:\/\/masquefa.cat\/noticies\/noticies\/wp-content\/uploads\/sites\/22\/2023\/09\/Sessions-informatives-per-a-barris-sobre-els-ajuts-per-a-la-rehabilitacio-energetica-dhabitatges-i-edificis-residencials_page-0002.jpg\" alt=\"\" width=\"600\" height=\"393\" srcset=\"https:\/\/ajmasquefa-multimedia-wp.s3.eu-central-1.amazonaws.com\/wp-content\/uploads\/sites\/22\/2023\/09\/14101712\/Sessions-informatives-per-a-barris-sobre-els-ajuts-per-a-la-rehabilitacio-energetica-dhabitatges-i-edificis-residencials_page-0002.jpg 892w, https:\/\/ajmasquefa-multimedia-wp.s3.eu-central-1.amazonaws.com\/wp-content\/uploads\/sites\/22\/2023\/09\/14101712\/Sessions-informatives-per-a-barris-sobre-els-ajuts-per-a-la-rehabilitacio-energetica-dhabitatges-i-edificis-residencials_page-0002-300x196.jpg 300w, https:\/\/ajmasquefa-multimedia-wp.s3.eu-central-1.amazonaws.com\/wp-content\/uploads\/sites\/22\/2023\/09\/14101712\/Sessions-informatives-per-a-barris-sobre-els-ajuts-per-a-la-rehabilitacio-energetica-dhabitatges-i-edificis-residencials_page-0002-768x503.jpg 768w\" sizes=\"(max-width: 600px) 100vw, 600px\" \/><\/p>\n<p>&nbsp;<\/p>\n<p><img decoding=\"async\" loading=\"lazy\" class=\"aligncenter wp-image-28982\" src=\"https:\/\/masquefa.cat\/noticies\/noticies\/wp-content\/uploads\/sites\/22\/2023\/09\/Barri-Nord-19.19.2023.png\" alt=\"\" width=\"600\" height=\"849\" srcset=\"https:\/\/ajmasquefa-multimedia-wp.s3.eu-central-1.amazonaws.com\/wp-content\/uploads\/sites\/22\/2023\/09\/14101828\/Barri-Nord-19.19.2023.png 2828w, https:\/\/ajmasquefa-multimedia-wp.s3.eu-central-1.amazonaws.com\/wp-content\/uploads\/sites\/22\/2023\/09\/14101828\/Barri-Nord-19.19.2023-212x300.png 212w, https:\/\/ajmasquefa-multimedia-wp.s3.eu-central-1.amazonaws.com\/wp-content\/uploads\/sites\/22\/2023\/09\/14101828\/Barri-Nord-19.19.2023-724x1024.png 724w, https:\/\/ajmasquefa-multimedia-wp.s3.eu-central-1.amazonaws.com\/wp-content\/uploads\/sites\/22\/2023\/09\/14101828\/Barri-Nord-19.19.2023-768x1086.png 768w, https:\/\/ajmasquefa-multimedia-wp.s3.eu-central-1.amazonaws.com\/wp-content\/uploads\/sites\/22\/2023\/09\/14101828\/Barri-Nord-19.19.2023-1086x1536.png 1086w, https:\/\/ajmasquefa-multimedia-wp.s3.eu-central-1.amazonaws.com\/wp-content\/uploads\/sites\/22\/2023\/09\/14101828\/Barri-Nord-19.19.2023-1448x2048.png 1448w, https:\/\/ajmasquefa-multimedia-wp.s3.eu-central-1.amazonaws.com\/wp-content\/uploads\/sites\/22\/2023\/09\/14101828\/Barri-Nord-19.19.2023-1320x1867.png 1320w\" sizes=\"(max-width: 600px) 100vw, 600px\" \/><\/p>\n<p>&nbsp;<\/p>\n<p><img decoding=\"async\" loading=\"lazy\" class=\"aligncenter wp-image-28983\" src=\"https:\/\/masquefa.cat\/noticies\/noticies\/wp-content\/uploads\/sites\/22\/2023\/09\/Font-Males-20.09.2023.png\" alt=\"\" width=\"600\" height=\"849\" srcset=\"https:\/\/ajmasquefa-multimedia-wp.s3.eu-central-1.amazonaws.com\/wp-content\/uploads\/sites\/22\/2023\/09\/14101922\/Font-Males-20.09.2023.png 2828w, https:\/\/ajmasquefa-multimedia-wp.s3.eu-central-1.amazonaws.com\/wp-content\/uploads\/sites\/22\/2023\/09\/14101922\/Font-Males-20.09.2023-212x300.png 212w, https:\/\/ajmasquefa-multimedia-wp.s3.eu-central-1.amazonaws.com\/wp-content\/uploads\/sites\/22\/2023\/09\/14101922\/Font-Males-20.09.2023-724x1024.png 724w, https:\/\/ajmasquefa-multimedia-wp.s3.eu-central-1.amazonaws.com\/wp-content\/uploads\/sites\/22\/2023\/09\/14101922\/Font-Males-20.09.2023-768x1086.png 768w, https:\/\/ajmasquefa-multimedia-wp.s3.eu-central-1.amazonaws.com\/wp-content\/uploads\/sites\/22\/2023\/09\/14101922\/Font-Males-20.09.2023-1086x1536.png 1086w, https:\/\/ajmasquefa-multimedia-wp.s3.eu-central-1.amazonaws.com\/wp-content\/uploads\/sites\/22\/2023\/09\/14101922\/Font-Males-20.09.2023-1448x2048.png 1448w, https:\/\/ajmasquefa-multimedia-wp.s3.eu-central-1.amazonaws.com\/wp-content\/uploads\/sites\/22\/2023\/09\/14101922\/Font-Males-20.09.2023-1320x1867.png 1320w\" sizes=\"(max-width: 600px) 100vw, 600px\" \/><\/p>\n<p>&nbsp;<\/p>\n<p><img decoding=\"async\" loading=\"lazy\" class=\"aligncenter wp-image-28984\" src=\"https:\/\/masquefa.cat\/noticies\/noticies\/wp-content\/uploads\/sites\/22\/2023\/09\/Casc-antic-Masquefa-26.09.2023.png\" alt=\"\" width=\"600\" height=\"849\" srcset=\"https:\/\/ajmasquefa-multimedia-wp.s3.eu-central-1.amazonaws.com\/wp-content\/uploads\/sites\/22\/2023\/09\/14101948\/Casc-antic-Masquefa-26.09.2023.png 2828w, https:\/\/ajmasquefa-multimedia-wp.s3.eu-central-1.amazonaws.com\/wp-content\/uploads\/sites\/22\/2023\/09\/14101948\/Casc-antic-Masquefa-26.09.2023-212x300.png 212w, https:\/\/ajmasquefa-multimedia-wp.s3.eu-central-1.amazonaws.com\/wp-content\/uploads\/sites\/22\/2023\/09\/14101948\/Casc-antic-Masquefa-26.09.2023-724x1024.png 724w, https:\/\/ajmasquefa-multimedia-wp.s3.eu-central-1.amazonaws.com\/wp-content\/uploads\/sites\/22\/2023\/09\/14101948\/Casc-antic-Masquefa-26.09.2023-768x1086.png 768w, https:\/\/ajmasquefa-multimedia-wp.s3.eu-central-1.amazonaws.com\/wp-content\/uploads\/sites\/22\/2023\/09\/14101948\/Casc-antic-Masquefa-26.09.2023-1086x1536.png 1086w, https:\/\/ajmasquefa-multimedia-wp.s3.eu-central-1.amazonaws.com\/wp-content\/uploads\/sites\/22\/2023\/09\/14101948\/Casc-antic-Masquefa-26.09.2023-1448x2048.png 1448w, https:\/\/ajmasquefa-multimedia-wp.s3.eu-central-1.amazonaws.com\/wp-content\/uploads\/sites\/22\/2023\/09\/14101948\/Casc-antic-Masquefa-26.09.2023-1320x1867.png 1320w\" sizes=\"(max-width: 600px) 100vw, 600px\" \/><\/p>\n<p>&nbsp;<\/p>\n<p><img decoding=\"async\" loading=\"lazy\" class=\"aligncenter wp-image-28985\" src=\"https:\/\/masquefa.cat\/noticies\/noticies\/wp-content\/uploads\/sites\/22\/2023\/09\/La-Beguda-Alta-27.09.2023.png\" alt=\"\" width=\"600\" height=\"849\" srcset=\"https:\/\/ajmasquefa-multimedia-wp.s3.eu-central-1.amazonaws.com\/wp-content\/uploads\/sites\/22\/2023\/09\/14102014\/La-Beguda-Alta-27.09.2023.png 2828w, https:\/\/ajmasquefa-multimedia-wp.s3.eu-central-1.amazonaws.com\/wp-content\/uploads\/sites\/22\/2023\/09\/14102014\/La-Beguda-Alta-27.09.2023-212x300.png 212w, https:\/\/ajmasquefa-multimedia-wp.s3.eu-central-1.amazonaws.com\/wp-content\/uploads\/sites\/22\/2023\/09\/14102014\/La-Beguda-Alta-27.09.2023-724x1024.png 724w, https:\/\/ajmasquefa-multimedia-wp.s3.eu-central-1.amazonaws.com\/wp-content\/uploads\/sites\/22\/2023\/09\/14102014\/La-Beguda-Alta-27.09.2023-768x1086.png 768w, https:\/\/ajmasquefa-multimedia-wp.s3.eu-central-1.amazonaws.com\/wp-content\/uploads\/sites\/22\/2023\/09\/14102014\/La-Beguda-Alta-27.09.2023-1086x1536.png 1086w, https:\/\/ajmasquefa-multimedia-wp.s3.eu-central-1.amazonaws.com\/wp-content\/uploads\/sites\/22\/2023\/09\/14102014\/La-Beguda-Alta-27.09.2023-1448x2048.png 1448w, https:\/\/ajmasquefa-multimedia-wp.s3.eu-central-1.amazonaws.com\/wp-content\/uploads\/sites\/22\/2023\/09\/14102014\/La-Beguda-Alta-27.09.2023-1320x1867.png 1320w\" sizes=\"(max-width: 600px) 100vw, 600px\" \/><\/p>\n","protected":false},"excerpt":{"rendered":"<p>Amb el suport dels fons Next Generation els ve\u00efns de Masquefa tenen suport per a la rehabilitaci\u00f3 energ\u00e8tica dels seus habitatges. Quatre barris de Masquefa han estat declarats Entorn Residencial de Rehabilitaci\u00f3 Programada (ERPP) i disposen de fons europeus per a la rehabilitaci\u00f3 energ\u00e8tica d\u2019edificis residencials. Els habitatges del casc antic de Masquefa i de&hellip;<\/p>\n","protected":false},"author":7,"featured_media":28980,"comment_status":"closed","ping_status":"open","sticky":false,"template":"","format":"standard","meta":[],"categories":[96,108,1,97],"tags":[],"_links":{"self":[{"href":"http:\/\/masquefa.cat\/noticies\/wp-json\/wp\/v2\/posts\/28979"}],"collection":[{"href":"http:\/\/masquefa.cat\/noticies\/wp-json\/wp\/v2\/posts"}],"about":[{"href":"http:\/\/masquefa.cat\/noticies\/wp-json\/wp\/v2\/types\/post"}],"author":[{"embeddable":true,"href":"http:\/\/masquefa.cat\/noticies\/wp-json\/wp\/v2\/users\/7"}],"replies":[{"embeddable":true,"href":"http:\/\/masquefa.cat\/noticies\/wp-json\/wp\/v2\/comments?post=28979"}],"version-history":[{"count":2,"href":"http:\/\/masquefa.cat\/noticies\/wp-json\/wp\/v2\/posts\/28979\/revisions"}],"predecessor-version":[{"id":28987,"href":"http:\/\/masquefa.cat\/noticies\/wp-json\/wp\/v2\/posts\/28979\/revisions\/28987"}],"wp:featuredmedia":[{"embeddable":true,"href":"http:\/\/masquefa.cat\/noticies\/wp-json\/wp\/v2\/media\/28980"}],"wp:attachment":[{"href":"http:\/\/masquefa.cat\/noticies\/wp-json\/wp\/v2\/media?parent=28979"}],"wp:term":[{"taxonomy":"category","embeddable":true,"href":"http:\/\/masquefa.cat\/noticies\/wp-json\/wp\/v2\/categories?post=28979"},{"taxonomy":"post_tag","embeddable":true,"href":"http:\/\/masquefa.cat\/noticies\/wp-json\/wp\/v2\/tags?post=28979"}],"curies":[{"name":"wp","href":"https:\/\/api.w.org\/{rel}","templated":true}]}}