{"id":29200,"date":"2023-11-14T09:45:17","date_gmt":"2023-11-14T08:45:17","guid":{"rendered":"https:\/\/masquefa.cat\/noticies\/?p=29200"},"modified":"2023-11-14T09:47:10","modified_gmt":"2023-11-14T08:47:10","slug":"masquefa-celebra-el-dia-internacional-dels-drets-de-linfant-de-la-ma-del-centre-esplai-giravolt","status":"publish","type":"post","link":"http:\/\/masquefa.cat\/noticies\/masquefa-celebra-el-dia-internacional-dels-drets-de-linfant-de-la-ma-del-centre-esplai-giravolt\/","title":{"rendered":"Masquefa celebra el Dia Internacional dels Drets de l\u2019Infant de la m\u00e0 del Centre Esplai Giravolt"},"content":{"rendered":"<p class=\"p1\"><b>El 19 de novembre, <\/b><span class=\"s1\"><b>el Centre Esplai Giravolt i l\u2019Ajuntament han organitzat <\/b><\/span><b>diferents activitats per reivindicar el dret al lleure de la inf\u00e0ncia.<span class=\"Apple-converted-space\">\u00a0<\/span><\/b><\/p>\n<p class=\"p3\">Un any m\u00e9s, l\u2019Ajuntament de Masquefa i el teixit associatiu de la vila se sumen a la commemoraci\u00f3 del <strong>Dia Internacional dels Drets de l\u2019Infant<\/strong>, que t\u00e9 lloc cada 20 de novembre. \u00c9s una jornada dedicada a sensibilitzar la ciutadania sobre la import\u00e0ncia de protegir els drets dels infants i promoure el seu benestar en tot el m\u00f3n.<span class=\"Apple-converted-space\">\u00a0<\/span><\/p>\n<p class=\"p3\">D\u2019aquesta manera, el 19 de novembre, <span class=\"s1\">el Centre Esplai Giravolt i l\u2019ajuntament, <\/span>amb la col\u00b7laboraci\u00f3 de la Xaranga Drac, el Club de Patinatge Art\u00edstic de Masquefa, l\u2019Associaci\u00f3 de Gimn\u00e0stica de Masquefa, l\u2019AFA El Tur\u00f3, l\u2019AFA La Baldufa, l\u2019AFA Font del Roure, el Club de Rol La Clau de Plata, <span class=\"s1\">i<\/span> Masquefa Tennis Taula, proposen <strong>una jornada per reivindicar el dret al lleure de la inf\u00e0ncia<\/strong>.<span class=\"Apple-converted-space\">\u00a0<\/span><\/p>\n<p class=\"p3\"><span class=\"s1\">Aquest any, com a novetat, la celebraci\u00f3 tindr\u00e0 lloc<\/span> a l\u2019avinguda Catalunya, davant del Centre Tecnol\u00f2gic i Comunitari de Masquefa, d\u201911 h a 13:30 h. Hi haur\u00e0 diferents activitats: jocs, <span class=\"s1\">tallers,<\/span> pinta-cares i esmorzar per a tothom.<span class=\"Apple-converted-space\">\u00a0<\/span><\/p>\n<p class=\"p3\">En cas que plogui, l\u2019esdeveniment es traslladar\u00e0 a la Sala Polivalent de la F\u00e0brica Rogelio Rojo.<span class=\"Apple-converted-space\">\u00a0<\/span><\/p>\n","protected":false},"excerpt":{"rendered":"<p>El 19 de novembre, el Centre Esplai Giravolt i l\u2019Ajuntament han organitzat diferents activitats per reivindicar el dret al lleure de la inf\u00e0ncia.\u00a0 Un any m\u00e9s, l\u2019Ajuntament de Masquefa i el teixit associatiu de la vila se sumen a la commemoraci\u00f3 del Dia Internacional dels Drets de l\u2019Infant, que t\u00e9 lloc cada 20 de novembre.&hellip;<\/p>\n","protected":false},"author":7,"featured_media":29201,"comment_status":"closed","ping_status":"open","sticky":false,"template":"","format":"standard","meta":[],"categories":[96,62,1],"tags":[],"_links":{"self":[{"href":"http:\/\/masquefa.cat\/noticies\/wp-json\/wp\/v2\/posts\/29200"}],"collection":[{"href":"http:\/\/masquefa.cat\/noticies\/wp-json\/wp\/v2\/posts"}],"about":[{"href":"http:\/\/masquefa.cat\/noticies\/wp-json\/wp\/v2\/types\/post"}],"author":[{"embeddable":true,"href":"http:\/\/masquefa.cat\/noticies\/wp-json\/wp\/v2\/users\/7"}],"replies":[{"embeddable":true,"href":"http:\/\/masquefa.cat\/noticies\/wp-json\/wp\/v2\/comments?post=29200"}],"version-history":[{"count":2,"href":"http:\/\/masquefa.cat\/noticies\/wp-json\/wp\/v2\/posts\/29200\/revisions"}],"predecessor-version":[{"id":29203,"href":"http:\/\/masquefa.cat\/noticies\/wp-json\/wp\/v2\/posts\/29200\/revisions\/29203"}],"wp:featuredmedia":[{"embeddable":true,"href":"http:\/\/masquefa.cat\/noticies\/wp-json\/wp\/v2\/media\/29201"}],"wp:attachment":[{"href":"http:\/\/masquefa.cat\/noticies\/wp-json\/wp\/v2\/media?parent=29200"}],"wp:term":[{"taxonomy":"category","embeddable":true,"href":"http:\/\/masquefa.cat\/noticies\/wp-json\/wp\/v2\/categories?post=29200"},{"taxonomy":"post_tag","embeddable":true,"href":"http:\/\/masquefa.cat\/noticies\/wp-json\/wp\/v2\/tags?post=29200"}],"curies":[{"name":"wp","href":"https:\/\/api.w.org\/{rel}","templated":true}]}}