{"id":29788,"date":"2024-04-04T16:56:21","date_gmt":"2024-04-04T14:56:21","guid":{"rendered":"https:\/\/masquefa.cat\/noticies\/?p=29788"},"modified":"2024-04-04T17:36:56","modified_gmt":"2024-04-04T15:36:56","slug":"preinscripcions-i-jornades-de-portes-obertes-per-a-1r-cicle-deducacio-infantil","status":"publish","type":"post","link":"http:\/\/masquefa.cat\/noticies\/preinscripcions-i-jornades-de-portes-obertes-per-a-1r-cicle-deducacio-infantil\/","title":{"rendered":"Preinscripcions i jornades de portes obertes per a 1r cicle d\u2019Educaci\u00f3 Infantil"},"content":{"rendered":"<p class=\"p2\"><b>La presentaci\u00f3 de sol\u00b7licituds es podr\u00e0 dur a terme presencialment del 8 al 21 de maig.<\/b><\/p>\n<p class=\"p3\">El Departament d\u2019Educaci\u00f3 de la Generalitat de Catalunya ha activat el proc\u00e9s de preinscripci\u00f3 per al curs 2024-2025 dels ensenyaments de Primer Cicle d\u2019Educaci\u00f3 Infantil (Escoles Bressol). Pel que fa al calendari, la presentaci\u00f3 de sol\u00b7licituds per realitzar la preinscripci\u00f3 ser\u00e0 del 8 al 21 de maig. M\u00e9s endavant, el per\u00edode de matriculaci\u00f3 romandr\u00e0 obert del 17 al 25 de juny. Per a m\u00e9s informaci\u00f3 i consultar detalladament tots els terminis, podeu visitar <a href=\"https:\/\/preinscripcio.gencat.cat\/ca\/estudis\/infantil-0-3\/informat\/calendari\/\"><span class=\"s1\"><b>aquest espai del Departament d&#8217;Educaci\u00f3<\/b><\/span><\/a>.<\/p>\n<p class=\"p3\">L\u2019Ajuntament recorda la import\u00e0ncia de respectar les dates estipulades, ja que les sol\u00b7licituds que es presentin fora de termini perdran les prioritats que haurien pogut tenir a l&#8217;hora d&#8217;obtenir la pla\u00e7a. A m\u00e9s, la presentaci\u00f3 de sol\u00b7licituds cal fer-la presencialment al centre escollit com a primera opci\u00f3. Nom\u00e9s es pot presentar una sol\u00b7licitud de preinscripci\u00f3 per infant i municipi.<\/p>\n<p class=\"p3\">Paral\u00b7lelament, el consistori tamb\u00e9 comparteix amb les fam\u00edlies el d\u00edptic informatiu amb els serveis de salut i atenci\u00f3 a la petita inf\u00e0ncia (0-3 anys) del municipi. El document recull tots aquells serveis adre\u00e7ats a infants, des del seu naixement fins als 3 anys, i tamb\u00e9 informaci\u00f3 d\u2019inter\u00e8s sobre tr\u00e0mits i ajuts. El podeu descarregar clicant <span class=\"s2\"><b><a href=\"https:\/\/masquefa.cat\/noticies\/noticies\/wp-content\/uploads\/sites\/22\/2024\/04\/AJMASQUEFA-Acompanyant-la-Infancia-0-3-WEB.pdf\" target=\"_blank\" rel=\"noopener\">aquest enlla\u00e7<\/a>.<\/b><\/span><\/p>\n<p class=\"p2\"><span class=\"s4\"><b>A Masquefa, <\/b><\/span><span class=\"s5\"><b>hi ha <\/b><\/span><span class=\"s4\"><b>dos centres que ofereixen 1r cicle d\u2019Educaci\u00f3 Infantil<\/b><\/span><\/p>\n<p class=\"p3\">Un any m\u00e9s, els centres de Masquefa obren les portes a totes les noves fam\u00edlies interessades en el seu projecte educatiu. Durant la trobada, s\u2019ensenyaran les instal\u00b7lacions i s\u2019explicar\u00e0 la metodologia d\u2019aprenentatge dels equipaments. La jornada de portes obertes a l\u2019Escola Vinyes Verdes tindr\u00e0 lloc el dimecres 17 d&#8217;abril, a partir de les 16 hores, mentre que l\u2019Escola Bressol Municipal La Baldufa atendr\u00e0 les fam\u00edlies interessades el dijous 25 d\u2019abril a les 17:15 hores.<\/p>\n<p class=\"p2\"><span class=\"s4\"><b>Escola Bressol Municipal La Baldufa (C\/Rogelio Rojo,30. Masquefa)<\/b><\/span><\/p>\n<p class=\"p4\">L\u2019oferta educativa del centre \u00e9s la seg\u00fcent:<span class=\"Apple-converted-space\">\u00a0<\/span><\/p>\n<ul class=\"ul1\">\n<li class=\"li5\"><span class=\"s6\">Lactants de 4 mesos a 1 any<\/span><\/li>\n<li class=\"li5\"><span class=\"s6\">Educaci\u00f3 infantil d\u20191 a 2 anys<\/span><\/li>\n<li class=\"li5\"><span class=\"s6\">Educaci\u00f3 infantil de 2 a 3 anys<\/span><\/li>\n<\/ul>\n<p class=\"p3\">Per poder participar en la preinscripci\u00f3 i escolaritzar-se en el centre cal que els infants tinguin com a m\u00ednim 16 setmanes a l&#8217;inici del curs escolar (setembre 2024).<\/p>\n<p class=\"p3\">La presentaci\u00f3 de sol\u00b7licituds es far\u00e0 presencialment en les dates indicades, de dilluns a divendres en horari de 9:30 a 13 hores i de 15 a 16:30 hores. Per qualsevol dubte, les persones interessades es poden adre\u00e7ar al tel\u00e8fon 93 772 50 11 o b\u00e9 contactar a trav\u00e9s del correu <a href=\"mailto:escolabressol@masquefa.net\"><span class=\"s7\">escolabressol@masquefa.net<\/span><\/a>. Per a m\u00e9s informaci\u00f3 del centre, podeu consultar <a href=\"https:\/\/masquefa.cat\/educacio\/escola-bressol-municipal-la-%2520baldufa\/\"><span class=\"s1\"><b>aquest enlla\u00e7<\/b><\/span><\/a>.<\/p>\n<p class=\"p2\"><span class=\"s4\"><b>Escola Vinyes Verdes. (C\/Moss\u00e8n Cinto Verdaguer, 50. La Beguda Alta)<\/b><\/span><\/p>\n<p class=\"p4\">L\u2019oferta educativa del centre \u00e9s la seg\u00fcent:<span class=\"Apple-converted-space\">\u00a0<\/span><\/p>\n<ul class=\"ul1\">\n<li class=\"li5\"><span class=\"s6\">Aula mixta de 13 places d\u2019Educaci\u00f3 Infantil d\u20191 a 3 anys.<\/span><\/li>\n<li class=\"li7\"><span class=\"s6\">Per a infants empadronats a La Beguda Alta o amb germans al centre.<\/span><\/li>\n<\/ul>\n<p class=\"p3\">Per poder participar en la preinscripci\u00f3 i escolaritzar-se en el centre cal que els infants tinguin com a m\u00ednim 12 mesos a l&#8217;inici del curs escolar (setembre 2024).<\/p>\n<p class=\"p3\">La presentaci\u00f3 de sol\u00b7licituds es far\u00e0 presencialment demanant cita pr\u00e8via al tel\u00e8fon 93 772 76 27 o b\u00e9 a trav\u00e9s del correu <a href=\"mailto:a8026889@xtec.cat\"><span class=\"s7\">a8026889@xtec.cat<\/span><\/a>. En cas de necessitar qualsevol aclariment i\/o tenir dubtes, tamb\u00e9 podeu contactar amb el centre. Per a m\u00e9s detalls de l\u2019Escola Vinyes Verdes, podeu consultar <a href=\"https:\/\/agora.xtec.cat\/esc-vinyesverdes\/\"><span class=\"s1\"><b>el seu web<\/b><\/span><\/a>.<\/p>\n<p><img decoding=\"async\" loading=\"lazy\" class=\"aligncenter size-large wp-image-29791\" src=\"https:\/\/masquefa.cat\/noticies\/noticies\/wp-content\/uploads\/sites\/22\/2024\/04\/AJMASQUEFA-Acompanyant-la-Infancia-0-3-WEB_page-0002-725x1024.jpg\" alt=\"\" width=\"725\" height=\"1024\" srcset=\"https:\/\/ajmasquefa-multimedia-wp.s3.eu-central-1.amazonaws.com\/wp-content\/uploads\/sites\/22\/2024\/04\/04165525\/AJMASQUEFA-Acompanyant-la-Infancia-0-3-WEB_page-0002-725x1024.jpg 725w, https:\/\/ajmasquefa-multimedia-wp.s3.eu-central-1.amazonaws.com\/wp-content\/uploads\/sites\/22\/2024\/04\/04165525\/AJMASQUEFA-Acompanyant-la-Infancia-0-3-WEB_page-0002-212x300.jpg 212w, https:\/\/ajmasquefa-multimedia-wp.s3.eu-central-1.amazonaws.com\/wp-content\/uploads\/sites\/22\/2024\/04\/04165525\/AJMASQUEFA-Acompanyant-la-Infancia-0-3-WEB_page-0002-768x1085.jpg 768w, https:\/\/ajmasquefa-multimedia-wp.s3.eu-central-1.amazonaws.com\/wp-content\/uploads\/sites\/22\/2024\/04\/04165525\/AJMASQUEFA-Acompanyant-la-Infancia-0-3-WEB_page-0002-1087x1536.jpg 1087w, https:\/\/ajmasquefa-multimedia-wp.s3.eu-central-1.amazonaws.com\/wp-content\/uploads\/sites\/22\/2024\/04\/04165525\/AJMASQUEFA-Acompanyant-la-Infancia-0-3-WEB_page-0002.jpg 1241w\" sizes=\"(max-width: 725px) 100vw, 725px\" \/><\/p>\n","protected":false},"excerpt":{"rendered":"<p>La presentaci\u00f3 de sol\u00b7licituds es podr\u00e0 dur a terme presencialment del 8 al 21 de maig. El Departament d\u2019Educaci\u00f3 de la Generalitat de Catalunya ha activat el proc\u00e9s de preinscripci\u00f3 per al curs 2024-2025 dels ensenyaments de Primer Cicle d\u2019Educaci\u00f3 Infantil (Escoles Bressol). Pel que fa al calendari, la presentaci\u00f3 de sol\u00b7licituds per realitzar la&hellip;<\/p>\n","protected":false},"author":7,"featured_media":0,"comment_status":"closed","ping_status":"closed","sticky":false,"template":"","format":"standard","meta":[],"categories":[96,62,1],"tags":[],"_links":{"self":[{"href":"http:\/\/masquefa.cat\/noticies\/wp-json\/wp\/v2\/posts\/29788"}],"collection":[{"href":"http:\/\/masquefa.cat\/noticies\/wp-json\/wp\/v2\/posts"}],"about":[{"href":"http:\/\/masquefa.cat\/noticies\/wp-json\/wp\/v2\/types\/post"}],"author":[{"embeddable":true,"href":"http:\/\/masquefa.cat\/noticies\/wp-json\/wp\/v2\/users\/7"}],"replies":[{"embeddable":true,"href":"http:\/\/masquefa.cat\/noticies\/wp-json\/wp\/v2\/comments?post=29788"}],"version-history":[{"count":2,"href":"http:\/\/masquefa.cat\/noticies\/wp-json\/wp\/v2\/posts\/29788\/revisions"}],"predecessor-version":[{"id":29793,"href":"http:\/\/masquefa.cat\/noticies\/wp-json\/wp\/v2\/posts\/29788\/revisions\/29793"}],"wp:attachment":[{"href":"http:\/\/masquefa.cat\/noticies\/wp-json\/wp\/v2\/media?parent=29788"}],"wp:term":[{"taxonomy":"category","embeddable":true,"href":"http:\/\/masquefa.cat\/noticies\/wp-json\/wp\/v2\/categories?post=29788"},{"taxonomy":"post_tag","embeddable":true,"href":"http:\/\/masquefa.cat\/noticies\/wp-json\/wp\/v2\/tags?post=29788"}],"curies":[{"name":"wp","href":"https:\/\/api.w.org\/{rel}","templated":true}]}}