{"id":30621,"date":"2024-11-28T10:41:14","date_gmt":"2024-11-28T09:41:14","guid":{"rendered":"https:\/\/masquefa.cat\/noticies\/?p=30621"},"modified":"2024-11-29T16:22:52","modified_gmt":"2024-11-29T15:22:52","slug":"lajuntament-presenta-el-projecte-de-nou-centre-de-dia-de-masquefa-a-la-generalitat","status":"publish","type":"post","link":"http:\/\/masquefa.cat\/noticies\/lajuntament-presenta-el-projecte-de-nou-centre-de-dia-de-masquefa-a-la-generalitat\/","title":{"rendered":"L\u2019Ajuntament presenta el projecte del nou Centre de Dia de Masquefa a la Generalitat"},"content":{"rendered":"<p><strong>La trobada entre Ajuntament i Generalitat ha tingut per objecte presentar el projecte del nou Centre de Dia i avan\u00e7ar en el full de ruta per fer-lo realitat en aquest mandat municipal.<\/strong><\/p>\n<p>El passat divendres, 22 de novembre, el secretari general del departament de Drets Socials i Inclusi\u00f3 de la Generalitat de Catalunya, Ra\u00fal Moreno Monta\u00f1a, i el diputat Jordi Riba Colom van visitar Masquefa per con\u00e8ixer de primera m\u00e0 el projecte de nou Centre de Dia, del qual s\u2019est\u00e0 finalitzant la redacci\u00f3 de projecte b\u00e0sic.<\/p>\n<p>La reuni\u00f3 de treball, que va comptar amb la participaci\u00f3 de l\u2019alcalde de Masquefa, Roger V\u00e0zquez Claravalls; el 1r tinent d\u2019alcalde, Daniel Guti\u00e9rrez Espartero, i les regidores Lenny Abreu Esquivel i Isis Abad Ruiz, va servir per exposar la necessitat d\u2019avan\u00e7ar en el full de ruta per fer realitat el Centre de Dia de Masquefa, com a equipament clau en el conjunt de serveis a les persones grans.<\/p>\n<p>El projecte de nou Centre de Dia t\u00e9 l\u2019objectiu de <strong>dissenyar un programa constructiu i de serveis real, assumible i que doni resposta a la realitat de les necessitats de les persones grans, amb depend\u00e8ncia o sense<\/strong>. El projecte planteja un centre de serveis integral amb una mirada comunit\u00e0ria innovadora, en qu\u00e8 l\u2019equipament, els seus serveis i els usuaris formin part de manera activa en la societat masquefina.<\/p>\n<p>El secretari general de Drets Socials i Inclusi\u00f3 va valorar de manera molt positiva la iniciativa de l\u2019Ajuntament de Masquefa i va subratllar la necessitat de generar equipaments sostenibles amb models de gesti\u00f3 basats en l\u2019evid\u00e8ncia t\u00e8cnica, per tal que els projectes siguin viables i es<br \/>\npuguin fer reals.<\/p>\n<p>La redacci\u00f3 del projecte b\u00e0sic finalitzar\u00e0 durant el mes de desembre, i l\u2019Ajuntament en far\u00e0 una exposici\u00f3 p\u00fablica. Per a l\u2019any 2025, es preveu la redacci\u00f3 del projecte executiu; la fase pr\u00e8via a l\u2019execuci\u00f3 del Centre de Dia.<\/p>\n<p>&nbsp;<\/p>\n","protected":false},"excerpt":{"rendered":"<p>La trobada entre Ajuntament i Generalitat ha tingut per objecte presentar el projecte del nou Centre de Dia i avan\u00e7ar en el full de ruta per fer-lo realitat en aquest mandat municipal. El passat divendres, 22 de novembre, el secretari general del departament de Drets Socials i Inclusi\u00f3 de la Generalitat de Catalunya, Ra\u00fal Moreno&hellip;<\/p>\n","protected":false},"author":7,"featured_media":30622,"comment_status":"closed","ping_status":"closed","sticky":false,"template":"","format":"standard","meta":[],"categories":[96,1],"tags":[],"_links":{"self":[{"href":"http:\/\/masquefa.cat\/noticies\/wp-json\/wp\/v2\/posts\/30621"}],"collection":[{"href":"http:\/\/masquefa.cat\/noticies\/wp-json\/wp\/v2\/posts"}],"about":[{"href":"http:\/\/masquefa.cat\/noticies\/wp-json\/wp\/v2\/types\/post"}],"author":[{"embeddable":true,"href":"http:\/\/masquefa.cat\/noticies\/wp-json\/wp\/v2\/users\/7"}],"replies":[{"embeddable":true,"href":"http:\/\/masquefa.cat\/noticies\/wp-json\/wp\/v2\/comments?post=30621"}],"version-history":[{"count":3,"href":"http:\/\/masquefa.cat\/noticies\/wp-json\/wp\/v2\/posts\/30621\/revisions"}],"predecessor-version":[{"id":30625,"href":"http:\/\/masquefa.cat\/noticies\/wp-json\/wp\/v2\/posts\/30621\/revisions\/30625"}],"wp:featuredmedia":[{"embeddable":true,"href":"http:\/\/masquefa.cat\/noticies\/wp-json\/wp\/v2\/media\/30622"}],"wp:attachment":[{"href":"http:\/\/masquefa.cat\/noticies\/wp-json\/wp\/v2\/media?parent=30621"}],"wp:term":[{"taxonomy":"category","embeddable":true,"href":"http:\/\/masquefa.cat\/noticies\/wp-json\/wp\/v2\/categories?post=30621"},{"taxonomy":"post_tag","embeddable":true,"href":"http:\/\/masquefa.cat\/noticies\/wp-json\/wp\/v2\/tags?post=30621"}],"curies":[{"name":"wp","href":"https:\/\/api.w.org\/{rel}","templated":true}]}}