{"id":31818,"date":"2025-11-07T17:35:18","date_gmt":"2025-11-07T16:35:18","guid":{"rendered":"https:\/\/masquefa.cat\/noticies\/?p=31818"},"modified":"2026-01-29T20:58:46","modified_gmt":"2026-01-29T19:58:46","slug":"masquefa-inicia-el-proces-per-elaborar-un-al-pacte-local-contra-la-segregacio-educativa","status":"publish","type":"post","link":"http:\/\/masquefa.cat\/noticies\/masquefa-inicia-el-proces-per-elaborar-un-al-pacte-local-contra-la-segregacio-educativa\/","title":{"rendered":"Masquefa inicia el proc\u00e9s per elaborar un al Pacte local contra la Segregaci\u00f3 Educativa"},"content":{"rendered":"<p><strong>L\u2019Ajuntament treballa amb el suport de la Diputaci\u00f3 de Barcelona per promoure una educaci\u00f3 inclusiva i equitativa al municipi<\/strong><\/p>\n<p>L\u2019Ajuntament de Masquefa ha iniciat els primers passos per elaborar les bases d\u2019un Pacte local contra la Segregaci\u00f3 Educativa, \u00a0una iniciativa que busca reduir les desigualtats en l\u2019acc\u00e9s a l\u2019educaci\u00f3 i garantir una escolaritzaci\u00f3 inclusiva i de qualitat per a tots els infants de la vila.<\/p>\n<p>El Pacte representa un comprom\u00eds conjunt entre la comunitat educativa (agents dels centres escolars i agents socioeducatius del municipi), el Departament d\u2019Educaci\u00f3 i Formaci\u00f3 Professional de la Generalitat, \u00a0i el consistori per fomentar la cohesi\u00f3 social, millorar les mesures inclusives, i lluitar contra la segregaci\u00f3 educativa des de tots els \u00e0mbits educatius i culturals. Al llarg del pr\u00f2xim any, Masquefa desenvolupar\u00e0 un proc\u00e9s d\u2019an\u00e0lisi i treball compartit amb la tutela de la Diputaci\u00f3 de Barcelona, per detectar les necessitats espec\u00edfiques del territori i definir actuacions concretes que assegurin la igualtat d\u2019oportunitats i l\u2019\u00e8xit educatiu de tot l\u2019alumnat.<\/p>\n<p>\u201c<strong>Amb aquest pas refermem la voluntat de construir una escola que reflecteixi la pluralitat de Masquefa i que ofereixi les mateixes oportunitats d\u2019aprenentatge i desenvolupament a tots els infants<\/strong>\u201d, ha destacat la regidora d\u2019Educaci\u00f3, <strong>Lenny Abreu<\/strong>.<\/p>\n<p>Amb aquesta iniciativa, Masquefa refor\u00e7a el seu comprom\u00eds amb una educaci\u00f3 p\u00fablica de qualitat, cohesionadora i compromesa amb la igualtat d\u2019oportunitats per a tota la ciutadania.<\/p>\n<p><img decoding=\"async\" loading=\"lazy\" class=\"size-full wp-image-32038 aligncenter\" src=\"https:\/\/masquefa.cat\/noticies\/noticies\/wp-content\/uploads\/sites\/22\/2025\/11\/LOGO-Generalitat.png\" alt=\"\" width=\"179\" height=\"66\" \/><\/p>\n","protected":false},"excerpt":{"rendered":"<p>L\u2019Ajuntament treballa amb el suport de la Diputaci\u00f3 de Barcelona per promoure una educaci\u00f3 inclusiva i equitativa al municipi L\u2019Ajuntament de Masquefa ha iniciat els primers passos per elaborar les bases d\u2019un Pacte local contra la Segregaci\u00f3 Educativa, \u00a0una iniciativa que busca reduir les desigualtats en l\u2019acc\u00e9s a l\u2019educaci\u00f3 i garantir una escolaritzaci\u00f3 inclusiva i&hellip;<\/p>\n","protected":false},"author":7,"featured_media":31819,"comment_status":"closed","ping_status":"closed","sticky":false,"template":"","format":"standard","meta":[],"categories":[96,62,1],"tags":[],"_links":{"self":[{"href":"http:\/\/masquefa.cat\/noticies\/wp-json\/wp\/v2\/posts\/31818"}],"collection":[{"href":"http:\/\/masquefa.cat\/noticies\/wp-json\/wp\/v2\/posts"}],"about":[{"href":"http:\/\/masquefa.cat\/noticies\/wp-json\/wp\/v2\/types\/post"}],"author":[{"embeddable":true,"href":"http:\/\/masquefa.cat\/noticies\/wp-json\/wp\/v2\/users\/7"}],"replies":[{"embeddable":true,"href":"http:\/\/masquefa.cat\/noticies\/wp-json\/wp\/v2\/comments?post=31818"}],"version-history":[{"count":2,"href":"http:\/\/masquefa.cat\/noticies\/wp-json\/wp\/v2\/posts\/31818\/revisions"}],"predecessor-version":[{"id":32039,"href":"http:\/\/masquefa.cat\/noticies\/wp-json\/wp\/v2\/posts\/31818\/revisions\/32039"}],"wp:featuredmedia":[{"embeddable":true,"href":"http:\/\/masquefa.cat\/noticies\/wp-json\/wp\/v2\/media\/31819"}],"wp:attachment":[{"href":"http:\/\/masquefa.cat\/noticies\/wp-json\/wp\/v2\/media?parent=31818"}],"wp:term":[{"taxonomy":"category","embeddable":true,"href":"http:\/\/masquefa.cat\/noticies\/wp-json\/wp\/v2\/categories?post=31818"},{"taxonomy":"post_tag","embeddable":true,"href":"http:\/\/masquefa.cat\/noticies\/wp-json\/wp\/v2\/tags?post=31818"}],"curies":[{"name":"wp","href":"https:\/\/api.w.org\/{rel}","templated":true}]}}