{"id":31840,"date":"2025-11-14T09:27:07","date_gmt":"2025-11-14T08:27:07","guid":{"rendered":"https:\/\/masquefa.cat\/noticies\/?p=31840"},"modified":"2025-11-14T09:27:07","modified_gmt":"2025-11-14T08:27:07","slug":"masquefa-commemora-el-dia-internacional-dels-drets-de-linfant-amb-una-jornada-festiva-i-participativa","status":"publish","type":"post","link":"http:\/\/masquefa.cat\/noticies\/masquefa-commemora-el-dia-internacional-dels-drets-de-linfant-amb-una-jornada-festiva-i-participativa\/","title":{"rendered":"Masquefa commemora el Dia Internacional dels Drets de l\u2019Infant amb una jornada festiva i participativa"},"content":{"rendered":"<p><strong>La celebraci\u00f3 tindr\u00e0 lloc el 23 de novembre, a les 11 h, a l\u2019Avinguda Catalunya (CTC), amb activitats familiars i propostes l\u00fadiques per a tots els p\u00fablics<\/strong><\/p>\n<p>Amb motiu del Dia Internacional dels Drets de l\u2019Infant, Masquefa organitza una jornada festiva oberta a tota la vila el pr\u00f2xim 23 de novembre, a partir de les 11 h, a l\u2019Avinguda Catalunya (CTC).<\/p>\n<p>L\u2019esdeveniment inclour\u00e0 m\u00fasica, jocs, manualitats, activitats esportives i esmorzar per a tothom, amb l\u2019objectiu de posar en valor els drets dels infants i promoure la seva protecci\u00f3 i benestar.<\/p>\n<p>La jornada, organitzada per l\u2019Ajuntament i el Centre Esplai Giravolt, compta amb la participaci\u00f3 i implicaci\u00f3 de diferents entitats i associacions locals, com ara l\u2019Associaci\u00f3 de Gimn\u00e0stica Masquefa, les AFA de les escoles El Tur\u00f3 i Font del Roure, el Club de Rol La Clau de Plata, el Club Pat\u00ed Masquefa, V\u00f2lei Masquefa, Prevenci\u00f3 d\u2019Accidents de Tr\u00e0nsit (PAT) i l\u2019Associaci\u00f3 Comit\u00e8 d\u2019Agermanament Masquefa-Lurate.<\/p>\n<p>Aquesta \u00e9s una activitat Edunauta, i tots els edunautes podran posar segell al seu passaport.<\/p>\n","protected":false},"excerpt":{"rendered":"<p>La celebraci\u00f3 tindr\u00e0 lloc el 23 de novembre, a les 11 h, a l\u2019Avinguda Catalunya (CTC), amb activitats familiars i propostes l\u00fadiques per a tots els p\u00fablics Amb motiu del Dia Internacional dels Drets de l\u2019Infant, Masquefa organitza una jornada festiva oberta a tota la vila el pr\u00f2xim 23 de novembre, a partir de les&hellip;<\/p>\n","protected":false},"author":7,"featured_media":31841,"comment_status":"closed","ping_status":"closed","sticky":false,"template":"","format":"standard","meta":[],"categories":[96,62,1],"tags":[],"_links":{"self":[{"href":"http:\/\/masquefa.cat\/noticies\/wp-json\/wp\/v2\/posts\/31840"}],"collection":[{"href":"http:\/\/masquefa.cat\/noticies\/wp-json\/wp\/v2\/posts"}],"about":[{"href":"http:\/\/masquefa.cat\/noticies\/wp-json\/wp\/v2\/types\/post"}],"author":[{"embeddable":true,"href":"http:\/\/masquefa.cat\/noticies\/wp-json\/wp\/v2\/users\/7"}],"replies":[{"embeddable":true,"href":"http:\/\/masquefa.cat\/noticies\/wp-json\/wp\/v2\/comments?post=31840"}],"version-history":[{"count":1,"href":"http:\/\/masquefa.cat\/noticies\/wp-json\/wp\/v2\/posts\/31840\/revisions"}],"predecessor-version":[{"id":31842,"href":"http:\/\/masquefa.cat\/noticies\/wp-json\/wp\/v2\/posts\/31840\/revisions\/31842"}],"wp:featuredmedia":[{"embeddable":true,"href":"http:\/\/masquefa.cat\/noticies\/wp-json\/wp\/v2\/media\/31841"}],"wp:attachment":[{"href":"http:\/\/masquefa.cat\/noticies\/wp-json\/wp\/v2\/media?parent=31840"}],"wp:term":[{"taxonomy":"category","embeddable":true,"href":"http:\/\/masquefa.cat\/noticies\/wp-json\/wp\/v2\/categories?post=31840"},{"taxonomy":"post_tag","embeddable":true,"href":"http:\/\/masquefa.cat\/noticies\/wp-json\/wp\/v2\/tags?post=31840"}],"curies":[{"name":"wp","href":"https:\/\/api.w.org\/{rel}","templated":true}]}}