{"id":32094,"date":"2026-02-16T19:38:18","date_gmt":"2026-02-16T18:38:18","guid":{"rendered":"https:\/\/masquefa.cat\/noticies\/?p=32094"},"modified":"2026-02-16T19:38:18","modified_gmt":"2026-02-16T18:38:18","slug":"masquefa-impulsa-locupacio-amb-la-cloenda-del-taller-agilitza-la-teva-recerca-de-feina","status":"publish","type":"post","link":"http:\/\/masquefa.cat\/noticies\/masquefa-impulsa-locupacio-amb-la-cloenda-del-taller-agilitza-la-teva-recerca-de-feina\/","title":{"rendered":"Masquefa impulsa l\u2019ocupaci\u00f3 amb la cloenda del taller \u2018Agilitza la teva recerca de feina\u2019"},"content":{"rendered":"<p><strong>La sessi\u00f3 va comptar amb deu persones participants \u2014una d\u2019elles ja inserida laboralment\u2014 i la participaci\u00f3 de set empreses del territori.<\/strong><\/p>\n<p>El dimarts 10 de febrer es va celebrar la sessi\u00f3 final del taller <strong>\u2018Agilitza la teva recerca de feina\u2019<\/strong>, una iniciativa inclosa dins el projecte <strong>\u2018Talent+40: Experi\u00e8ncia que construeix futur\u2019<\/strong>, impulsat per l\u2019Ajuntament de Masquefa amb l\u2019objectiu de millorar l\u2019ocupabilitat i refor\u00e7ar la connexi\u00f3 entre talent i empresa.<\/p>\n<p>El taller, adre\u00e7at a persones en recerca activa de feina i dut a terme per <strong>Antonio Cano<\/strong>, fundador d\u2019Agile Institute, es va desenvolupar en quatre sessions din\u00e0miques en qu\u00e8 els participants van treballar la definici\u00f3 d\u2019objectius professionals a curt termini, l\u2019optimitzaci\u00f3 de les estrat\u00e8gies de recerca i la preparaci\u00f3 d\u2019una exposici\u00f3 clara i estructurada de la seva candidatura. El proc\u00e9s va permetre <strong>transformar l\u2019experi\u00e8ncia professional en una proposta de valor competitiva<\/strong> i refor\u00e7ar la confian\u00e7a personal.<\/p>\n<p>Hi van participar deu persones, que van mostrar una alta motivaci\u00f3 i implicaci\u00f3 durant tot el programa. Cal destacar que una d\u2019elles va trobar feina abans de finalitzar el taller, fet que posa en relleu l\u2019impacte positiu de la iniciativa.<\/p>\n<p><strong>Connexi\u00f3 directa amb el teixit empresarial<\/strong><br \/>\nLa sessi\u00f3 de cloenda va incloure la presentaci\u00f3 de les candidatures davant de set empreses del territori, en una jornada orientada a facilitar el contacte directe i generar noves oportunitats professionals. Aquesta acci\u00f3 va posar en valor la import\u00e0ncia de crear espais de trobada entre persones en recerca de feina i el teixit productiu local.<\/p>\n<p>L\u2019acte va ser presentat per l\u2019alcalde de Masquefa, <strong>Daniel Guti\u00e9rrez<\/strong>, i el regidor de Desenvolupament Econ\u00f2mic, <strong>Roger V\u00e0zquez<\/strong>, que van destacar el comprom\u00eds del consistori amb la promoci\u00f3 de l\u2019ocupaci\u00f3 i el suport al talent local. Amb iniciatives com aquesta, l\u2019Ajuntament continua treballant per impulsar pol\u00edtiques actives d\u2019ocupaci\u00f3 que contribueixin al desenvolupament econ\u00f2mic i social de la vila.<\/p>\n","protected":false},"excerpt":{"rendered":"<p>La sessi\u00f3 va comptar amb deu persones participants \u2014una d\u2019elles ja inserida laboralment\u2014 i la participaci\u00f3 de set empreses del territori. El dimarts 10 de febrer es va celebrar la sessi\u00f3 final del taller \u2018Agilitza la teva recerca de feina\u2019, una iniciativa inclosa dins el projecte \u2018Talent+40: Experi\u00e8ncia que construeix futur\u2019, impulsat per l\u2019Ajuntament de&hellip;<\/p>\n","protected":false},"author":7,"featured_media":32095,"comment_status":"closed","ping_status":"closed","sticky":false,"template":"","format":"standard","meta":[],"categories":[96,1,67],"tags":[],"_links":{"self":[{"href":"http:\/\/masquefa.cat\/noticies\/wp-json\/wp\/v2\/posts\/32094"}],"collection":[{"href":"http:\/\/masquefa.cat\/noticies\/wp-json\/wp\/v2\/posts"}],"about":[{"href":"http:\/\/masquefa.cat\/noticies\/wp-json\/wp\/v2\/types\/post"}],"author":[{"embeddable":true,"href":"http:\/\/masquefa.cat\/noticies\/wp-json\/wp\/v2\/users\/7"}],"replies":[{"embeddable":true,"href":"http:\/\/masquefa.cat\/noticies\/wp-json\/wp\/v2\/comments?post=32094"}],"version-history":[{"count":1,"href":"http:\/\/masquefa.cat\/noticies\/wp-json\/wp\/v2\/posts\/32094\/revisions"}],"predecessor-version":[{"id":32096,"href":"http:\/\/masquefa.cat\/noticies\/wp-json\/wp\/v2\/posts\/32094\/revisions\/32096"}],"wp:featuredmedia":[{"embeddable":true,"href":"http:\/\/masquefa.cat\/noticies\/wp-json\/wp\/v2\/media\/32095"}],"wp:attachment":[{"href":"http:\/\/masquefa.cat\/noticies\/wp-json\/wp\/v2\/media?parent=32094"}],"wp:term":[{"taxonomy":"category","embeddable":true,"href":"http:\/\/masquefa.cat\/noticies\/wp-json\/wp\/v2\/categories?post=32094"},{"taxonomy":"post_tag","embeddable":true,"href":"http:\/\/masquefa.cat\/noticies\/wp-json\/wp\/v2\/tags?post=32094"}],"curies":[{"name":"wp","href":"https:\/\/api.w.org\/{rel}","templated":true}]}}