{"id":32244,"date":"2026-03-31T11:34:38","date_gmt":"2026-03-31T09:34:38","guid":{"rendered":"https:\/\/masquefa.cat\/noticies\/?p=32244"},"modified":"2026-03-31T11:34:38","modified_gmt":"2026-03-31T09:34:38","slug":"el-ctc-presenta-la-nova-oferta-formativa-per-al-periode-dabril-a-juliol-de-2026","status":"publish","type":"post","link":"http:\/\/masquefa.cat\/noticies\/el-ctc-presenta-la-nova-oferta-formativa-per-al-periode-dabril-a-juliol-de-2026\/","title":{"rendered":"El CTC presenta la nova oferta formativa per al per\u00edode d\u2019abril a juliol de 2026"},"content":{"rendered":"<p><strong>El Centre Tecnol\u00f2gic Comunitari impulsa una nova programaci\u00f3 amb cursos i tallers orientats a la capacitaci\u00f3 digital, la intel\u00b7lig\u00e8ncia artificial i el desenvolupament professional de la ciutadania.<\/strong><\/p>\n<p>El Centre Tecnol\u00f2gic Comunitari (CTC) de Masquefa ha presentat la seva nova guia d\u2019oferta formativa per al per\u00edode d\u2019abril a juliol de 2026, una programaci\u00f3 que consolida l\u2019aposta municipal per la formaci\u00f3 tecnol\u00f2gica i l\u2019adquisici\u00f3 de compet\u00e8ncies digitals.<\/p>\n<p>Aquesta nova proposta formativa posa el focus especialment en la intel\u00b7lig\u00e8ncia artificial, amb l\u2019objectiu d\u2019apropar aquesta tecnologia a la ciutadania de manera pr\u00e0ctica i accessible. La programaci\u00f3 s\u2019adre\u00e7a a perfils diversos, des de persones que volen millorar les seves compet\u00e8ncies digitals fins a professionals, persones en recerca de feina o emprenedors que volen incorporar noves eines al seu dia a dia.<\/p>\n<p><strong><u>Una aposta per la formaci\u00f3 en intel\u00b7lig\u00e8ncia artificial<\/u><\/strong><\/p>\n<p>La nova l\u00ednia formativa inclou diferents cursos i tallers centrats en la comprensi\u00f3 i aplicaci\u00f3 de la intel\u00b7lig\u00e8ncia artificial. Les propostes permeten con\u00e8ixer com funcionen aquestes eines i explorar-ne les aplicacions en \u00e0mbits com la creativitat, la comunicaci\u00f3, l\u2019organitzaci\u00f3 del treball o la recerca d\u2019informaci\u00f3.<\/p>\n<p>Entre les activitats destacades hi ha cursos d\u2019introducci\u00f3 a la IA, formacions orientades a la recerca de feina, tallers sobre l\u2019impacte de la tecnologia en el mercat laboral i propostes espec\u00edfiques per a empreses i persones emprenedores. Tamb\u00e9 s\u2019hi inclouen formacions creatives amb eines com Canva o Genially, aix\u00ed com sessions per aplicar la intel\u00b7lig\u00e8ncia artificial a projectes professionals.<\/p>\n<p><strong><u>Formaci\u00f3 per a tots els perfils i necessitats<\/u><\/strong><\/p>\n<p>La programaci\u00f3 combina cursos presencials i en l\u00ednia, i permet seguir itineraris formatius progressius o b\u00e9 participar en activitats de manera independent.<\/p>\n<p>A m\u00e9s de les propostes vinculades a la intel\u00b7lig\u00e8ncia artificial, l\u2019oferta incorpora iniciatives per a diferents col\u00b7lectius, com activitats intergeneracionals que promouen l\u2019intercanvi de coneixement entre infants i persones grans, o cursos de preparaci\u00f3 per a l\u2019acreditaci\u00f3 ACTIC, especialment valorada en processos selectius.<\/p>\n<p>Tamb\u00e9 s\u2019hi inclouen tallers de networking per enfortir el teixit empresarial local i activitats d\u2019estiu com el CTC Splash, que trasllada la tecnologia a espais d\u2019oci per fomentar la inclusi\u00f3 digital entre la ciutadania.<\/p>\n<p><strong><u>Inscripcions i informaci\u00f3<\/u><\/strong><\/p>\n<p>Les inscripcions ja estan obertes i es poden formalitzar en l\u00ednia a trav\u00e9s del portal de tr\u00e0mits municipal o presencialment al CTC. Les places s\u00f3n limitades i s\u2019assignen per ordre d\u2019inscripci\u00f3.<\/p>\n<p>Per a m\u00e9s informaci\u00f3 sobre els cursos, horaris i requisits, es pot consultar la guia completa o contactar directament amb el Centre Tecnol\u00f2gic Comunitari.<\/p>\n<p>Consulta la oferta formativa completa a: <a href=\"https:\/\/masquefa.cat\/noticies\/noticies\/wp-content\/uploads\/sites\/22\/2026\/03\/GUIA-ABRIL_JULIOL-2026.pdf\">GUIA ABRIL_JULIOL 2026<\/a><\/p>\n","protected":false},"excerpt":{"rendered":"<p>El Centre Tecnol\u00f2gic Comunitari impulsa una nova programaci\u00f3 amb cursos i tallers orientats a la capacitaci\u00f3 digital, la intel\u00b7lig\u00e8ncia artificial i el desenvolupament professional de la ciutadania. El Centre Tecnol\u00f2gic Comunitari (CTC) de Masquefa ha presentat la seva nova guia d\u2019oferta formativa per al per\u00edode d\u2019abril a juliol de 2026, una programaci\u00f3 que consolida l\u2019aposta&hellip;<\/p>\n","protected":false},"author":7,"featured_media":32245,"comment_status":"closed","ping_status":"closed","sticky":false,"template":"","format":"standard","meta":[],"categories":[96,1,55],"tags":[],"_links":{"self":[{"href":"http:\/\/masquefa.cat\/noticies\/wp-json\/wp\/v2\/posts\/32244"}],"collection":[{"href":"http:\/\/masquefa.cat\/noticies\/wp-json\/wp\/v2\/posts"}],"about":[{"href":"http:\/\/masquefa.cat\/noticies\/wp-json\/wp\/v2\/types\/post"}],"author":[{"embeddable":true,"href":"http:\/\/masquefa.cat\/noticies\/wp-json\/wp\/v2\/users\/7"}],"replies":[{"embeddable":true,"href":"http:\/\/masquefa.cat\/noticies\/wp-json\/wp\/v2\/comments?post=32244"}],"version-history":[{"count":1,"href":"http:\/\/masquefa.cat\/noticies\/wp-json\/wp\/v2\/posts\/32244\/revisions"}],"predecessor-version":[{"id":32247,"href":"http:\/\/masquefa.cat\/noticies\/wp-json\/wp\/v2\/posts\/32244\/revisions\/32247"}],"wp:featuredmedia":[{"embeddable":true,"href":"http:\/\/masquefa.cat\/noticies\/wp-json\/wp\/v2\/media\/32245"}],"wp:attachment":[{"href":"http:\/\/masquefa.cat\/noticies\/wp-json\/wp\/v2\/media?parent=32244"}],"wp:term":[{"taxonomy":"category","embeddable":true,"href":"http:\/\/masquefa.cat\/noticies\/wp-json\/wp\/v2\/categories?post=32244"},{"taxonomy":"post_tag","embeddable":true,"href":"http:\/\/masquefa.cat\/noticies\/wp-json\/wp\/v2\/tags?post=32244"}],"curies":[{"name":"wp","href":"https:\/\/api.w.org\/{rel}","templated":true}]}}