{"id":32732,"date":"2026-09-03T18:21:48","date_gmt":"2026-09-03T16:21:48","guid":{"rendered":"https:\/\/masquefa.cat\/noticies\/?p=32732"},"modified":"2026-09-03T18:21:48","modified_gmt":"2026-09-03T16:21:48","slug":"masquefa-presenta-la-guia-dactivitats-per-a-infants-de-0-a-12-anys-per-al-curs-2026-2027","status":"publish","type":"post","link":"http:\/\/masquefa.cat\/noticies\/masquefa-presenta-la-guia-dactivitats-per-a-infants-de-0-a-12-anys-per-al-curs-2026-2027\/","title":{"rendered":"Masquefa presenta la Guia d\u2019activitats per a infants de 0 a 12 anys per al curs 2026-2027"},"content":{"rendered":"<p><strong>El document recull propostes esportives, art\u00edstiques, culturals i de lleure, aix\u00ed com serveis d\u2019acompanyament a la crian\u00e7a, activitats familiars i iniciatives de les AFA\/AMPA. Per con\u00e8ixer al detall totes les activitats, podeu descarregar la guia clicant aquest <a href=\"https:\/\/masquefa.cat\/noticies\/noticies\/wp-content\/uploads\/sites\/22\/2026\/09\/AJMASQUEFA-Guia-Infants-2026-2027-1.pdf\">enlla\u00e7<\/a>.<\/strong><\/p>\n<p>L\u2019Ajuntament de Masquefa, amb la col\u00b7laboraci\u00f3 de les <strong>entitats i associacions de la vila<\/strong>, presenta una nova edici\u00f3 de la <strong>Guia d\u2019activitats per a infants de 0 a 12 anys<\/strong>, corresponent al curs 2026-2027. La publicaci\u00f3 reuneix en un sol document una \u00e0mplia oferta de propostes educatives i de lleure per als infants i les seves fam\u00edlies, amb l\u2019objectiu de facilitar-ne l\u2019acc\u00e9s i donar visibilitat a les oportunitats educatives que ofereix el municipi m\u00e9s enll\u00e0 de l\u2019horari escolar.<\/p>\n<p>La guia inclou activitats de diferents \u00e0mbits, com ara <strong>esports, dansa, idiomes, arts, cultura i lleure<\/strong>, amb propostes adaptades a diverses franges d\u2019edat. Entre l\u2019oferta hi ha disciplines esportives com el b\u00e0squet, el futbol, la boxa, la nataci\u00f3, el p\u00e0del, el v\u00f2lei, el tennis taula o les arts marcials, aix\u00ed com activitats art\u00edstiques i culturals com el dibuix i la pintura, el teatre, la lectura o les activitats vinculades a la cultura popular i tradicional.<\/p>\n<p>El recull tamb\u00e9 incorpora <strong>recursos educatius i d\u2019acompanyament a les fam\u00edlies<\/strong>, com els espais familiars per a infants de 0 a 3 anys, el Servei d\u2019Orientaci\u00f3 i Acompanyament a les Fam\u00edlies (SOAF) o el servei \u2018Temps de <span style=\"text-decoration: line-through\">joc<\/span> Joc\u2019. Les activitats de les AFA\/AMPA no estan incloses i diverses propostes per gaudir en fam\u00edlia al llarg de l\u2019any.<\/p>\n<p>La proposta es completa amb activitats i celebracions que formen part del <strong>calendari cultural, festiu i tradicional de Masquefa<\/strong>, com la Festa del Ra\u00efm, el Dia Universal dels Drets de l\u2019Infant, l\u2019Encesa de Llums de Nadal, les activitats nadalenques, el Carnaval, la Festa Major Petita de Sant Isidre, el Dia Internacional del Medi Ambient o la Festa Major de Santa Magdalena, entre d\u2019altres.<\/p>\n<p>Amb aquesta guia, <strong>Masquefa refor\u00e7a la seva voluntat de ser una vila educadora<\/strong>, entenent que l\u2019educaci\u00f3 va m\u00e9s enll\u00e0 de l\u2019escola i que els espais de lleure, l\u2019esport, la cultura, les entitats i la vida comunit\u00e0ria tamb\u00e9 contribueixen al desenvolupament dels infants, a la cohesi\u00f3 social i a la conciliaci\u00f3 de la vida laboral i familiar. <strong>Per consultar totes les propostes, podeu descarregar el <a href=\"https:\/\/masquefa.cat\/noticies\/noticies\/wp-content\/uploads\/sites\/22\/2026\/09\/AJMASQUEFA-Guia-Infants-2026-2027-1.pdf\">programa<\/a> sencer d\u2019activitats.<\/strong><\/p>\n","protected":false},"excerpt":{"rendered":"<p>El document recull propostes esportives, art\u00edstiques, culturals i de lleure, aix\u00ed com serveis d\u2019acompanyament a la crian\u00e7a, activitats familiars i iniciatives de les AFA\/AMPA. Per con\u00e8ixer al detall totes les activitats, podeu descarregar la guia clicant aquest enlla\u00e7. L\u2019Ajuntament de Masquefa, amb la col\u00b7laboraci\u00f3 de les entitats i associacions de la vila, presenta una nova&hellip;<\/p>\n","protected":false},"author":7,"featured_media":32734,"comment_status":"closed","ping_status":"closed","sticky":false,"template":"","format":"standard","meta":[],"categories":[96,62,1],"tags":[],"_links":{"self":[{"href":"http:\/\/masquefa.cat\/noticies\/wp-json\/wp\/v2\/posts\/32732"}],"collection":[{"href":"http:\/\/masquefa.cat\/noticies\/wp-json\/wp\/v2\/posts"}],"about":[{"href":"http:\/\/masquefa.cat\/noticies\/wp-json\/wp\/v2\/types\/post"}],"author":[{"embeddable":true,"href":"http:\/\/masquefa.cat\/noticies\/wp-json\/wp\/v2\/users\/7"}],"replies":[{"embeddable":true,"href":"http:\/\/masquefa.cat\/noticies\/wp-json\/wp\/v2\/comments?post=32732"}],"version-history":[{"count":1,"href":"http:\/\/masquefa.cat\/noticies\/wp-json\/wp\/v2\/posts\/32732\/revisions"}],"predecessor-version":[{"id":32735,"href":"http:\/\/masquefa.cat\/noticies\/wp-json\/wp\/v2\/posts\/32732\/revisions\/32735"}],"wp:featuredmedia":[{"embeddable":true,"href":"http:\/\/masquefa.cat\/noticies\/wp-json\/wp\/v2\/media\/32734"}],"wp:attachment":[{"href":"http:\/\/masquefa.cat\/noticies\/wp-json\/wp\/v2\/media?parent=32732"}],"wp:term":[{"taxonomy":"category","embeddable":true,"href":"http:\/\/masquefa.cat\/noticies\/wp-json\/wp\/v2\/categories?post=32732"},{"taxonomy":"post_tag","embeddable":true,"href":"http:\/\/masquefa.cat\/noticies\/wp-json\/wp\/v2\/tags?post=32732"}],"curies":[{"name":"wp","href":"https:\/\/api.w.org\/{rel}","templated":true}]}}