{"id":15576,"date":"2007-01-25T00:00:00","date_gmt":"2007-01-24T23:00:00","guid":{"rendered":"http:\/\/ajmasquefa.atotarreu.com\/noticies\/guia-turistica-de-lanoia\/"},"modified":"2017-12-11T11:48:01","modified_gmt":"2017-12-11T10:48:01","slug":"guia-turistica-de-lanoia","status":"publish","type":"post","link":"https:\/\/masquefa.cat\/noticies\/guia-turistica-de-lanoia\/","title":{"rendered":"Guia Tur\u00edstica de l\u00b4Anoia"},"content":{"rendered":"<p><img decoding=\"async\" src=\"https:\/\/s3.eu-central-1.amazonaws.com\/ajmasquefa-multimedia-wp\/wp-historic-noticies\/uploads\/anoia857.jpg\" \/>&nbsp;La Comarca de l&#8217;Anoia ja t&eacute; guia tur\u00edstica. La guia fa un recull del potencial tur\u00edstic de l&#8217;Anoia i el dona a con&egrave;ixer als possibles consumidors de turisme. L&#8217;edici\u00f3 i presentaci\u00f3 de la guia s&#8217;enmarca dins del projecte&nbsp;&quot;L&#8217;Anoia en Viu. Viu l&#8217;Anoia&quot;,&nbsp;&nbsp;que t&eacute; com a&nbsp;objectiu el desenvolupament i dinamitzaci\u00f3 integral del sector tur\u00edstic de la comarca de l&#8217;Anoia. Aquest projecte gestiona la recuperaci\u00f3, la rehabilitaci\u00f3 i el patrimoni cultural, hist&ograve;ric i natural de la comarca, aix\u00ed com la creaci\u00f3 d&#8217;infrastructures tur\u00edstiques i l&#8217;estructuraci\u00f3 de serveis de suport al sector tur\u00edstic.&nbsp;<\/p>\n<p>La guia&nbsp;es va presentar el passat dimarts 23 de gener&nbsp;a la finca de&nbsp;Can Bonastre de Santa Magdalena de Masquefa. La presentaci\u00f3 va anar a c&agrave;rrec de Dom&egrave;nech Biosca, president de l&#8217;Associaci\u00f3 d&#8217;experts en empreses tur\u00edstiques i va comptar amb&nbsp;la pres&egrave;ncia&nbsp;de M. Teresa Estruch -alcaldessa de Masquefa-, Joan Vich -pressident del Consell Comarcal-,&nbsp;Jordi Mercader -vicepresident del Consell Comercal-,&nbsp;Joan Carles Vilalta -director general de turisme de la Generalitat- i&nbsp;Esteve Terradas&nbsp;-diputat de turisme de la&nbsp;Diputaci\u00f3 de Barcelona-, entre d&#8217;altres persones.<\/p>\n<p><img decoding=\"async\" src=\"https:\/\/s3.eu-central-1.amazonaws.com\/ajmasquefa-multimedia-wp\/wp-historic-noticies\/uploads\/anoia%201637.jpg\" \/><\/p>\n","protected":false},"excerpt":{"rendered":"<p>&nbsp;La Comarca de l&#8217;Anoia ja t&eacute; guia tur\u00edstica. La guia fa un recull del potencial tur\u00edstic de l&#8217;Anoia i el dona a con&egrave;ixer als possibles consumidors de turisme. L&#8217;edici\u00f3 i presentaci\u00f3 de la guia s&#8217;enmarca dins del projecte&nbsp;&quot;L&#8217;Anoia en Viu. Viu l&#8217;Anoia&quot;,&nbsp;&nbsp;que t&eacute; com a&nbsp;objectiu el desenvolupament i dinamitzaci\u00f3 integral del sector tur\u00edstic de la&hellip;<\/p>\n","protected":false},"author":7,"featured_media":0,"comment_status":"closed","ping_status":"open","sticky":false,"template":"","format":"standard","meta":[],"categories":[60],"tags":[],"_links":{"self":[{"href":"https:\/\/masquefa.cat\/noticies\/wp-json\/wp\/v2\/posts\/15576"}],"collection":[{"href":"https:\/\/masquefa.cat\/noticies\/wp-json\/wp\/v2\/posts"}],"about":[{"href":"https:\/\/masquefa.cat\/noticies\/wp-json\/wp\/v2\/types\/post"}],"author":[{"embeddable":true,"href":"https:\/\/masquefa.cat\/noticies\/wp-json\/wp\/v2\/users\/7"}],"replies":[{"embeddable":true,"href":"https:\/\/masquefa.cat\/noticies\/wp-json\/wp\/v2\/comments?post=15576"}],"version-history":[{"count":1,"href":"https:\/\/masquefa.cat\/noticies\/wp-json\/wp\/v2\/posts\/15576\/revisions"}],"predecessor-version":[{"id":20498,"href":"https:\/\/masquefa.cat\/noticies\/wp-json\/wp\/v2\/posts\/15576\/revisions\/20498"}],"wp:attachment":[{"href":"https:\/\/masquefa.cat\/noticies\/wp-json\/wp\/v2\/media?parent=15576"}],"wp:term":[{"taxonomy":"category","embeddable":true,"href":"https:\/\/masquefa.cat\/noticies\/wp-json\/wp\/v2\/categories?post=15576"},{"taxonomy":"post_tag","embeddable":true,"href":"https:\/\/masquefa.cat\/noticies\/wp-json\/wp\/v2\/tags?post=15576"}],"curies":[{"name":"wp","href":"https:\/\/api.w.org\/{rel}","templated":true}]}}