{"id":15587,"date":"2007-03-08T00:00:00","date_gmt":"2007-03-07T23:00:00","guid":{"rendered":"http:\/\/ajmasquefa.atotarreu.com\/noticies\/presentacio-publica-donat-una-oportunitat\/"},"modified":"2017-12-11T11:48:49","modified_gmt":"2017-12-11T10:48:49","slug":"presentacio-publica-donat-una-oportunitat","status":"publish","type":"post","link":"https:\/\/masquefa.cat\/noticies\/presentacio-publica-donat-una-oportunitat\/","title":{"rendered":"Presentaci\u00f3 P\u00fablica. Dona\u00b4t una oportunitat"},"content":{"rendered":"<p>El passat 8 de mar&ccedil;, amb motiu de la celebraci\u00f3 del Dia de la Dona, es va aprofitar per fer la presentaci\u00f3 p\u00fablica del programa <strong>Dona<\/strong>&#8216;t una oportunitat.<\/p>\n<p>L&#8217;objectiu &eacute;s reduir la taxa d&#8217;atur femen\u00ed mitjan&ccedil;at la creaci\u00f3 d&#8217;un conjunt d&#8217;activitats i serveis relacionats amb el transport, la conciliaci\u00f3 de la vida familiar i laboral, els nous usos del temps, etc.<\/p>\n<p>A l&#8217;acte van assistir una vintena de persones i va ser presentat per la Sra. M. Teresa Estruch i Mestres, alcaldessa de Masquefa, el Sr. Josep Duran i G&agrave;lvez, regidor de Promoci\u00f3 Econ&ograve;mica, i la Sra. Carolina Villanova, t&egrave;cnica referent del programa <strong>Dona<\/strong>&#8216;t una oportunitat. <\/p>\n<p><img decoding=\"async\" src=\"https:\/\/s3.eu-central-1.amazonaws.com\/ajmasquefa-multimedia-wp\/wp-historic-noticies\/uploads\/IMG_01371784.JPG\" \/><\/p>\n<p><img decoding=\"async\" src=\"https:\/\/s3.eu-central-1.amazonaws.com\/ajmasquefa-multimedia-wp\/wp-historic-noticies\/uploads\/IMG_014417393.JPG\" align=\"middle\" \/><\/p>\n<p>&nbsp;<\/p>\n<p>&nbsp;<\/p>\n","protected":false},"excerpt":{"rendered":"<p>El passat 8 de mar&ccedil;, amb motiu de la celebraci\u00f3 del Dia de la Dona, es va aprofitar per fer la presentaci\u00f3 p\u00fablica del programa Dona&#8216;t una oportunitat. L&#8217;objectiu &eacute;s reduir la taxa d&#8217;atur femen\u00ed mitjan&ccedil;at la creaci\u00f3 d&#8217;un conjunt d&#8217;activitats i serveis relacionats amb el transport, la conciliaci\u00f3 de la vida familiar i laboral,&hellip;<\/p>\n","protected":false},"author":7,"featured_media":0,"comment_status":"closed","ping_status":"open","sticky":false,"template":"","format":"standard","meta":[],"categories":[67],"tags":[],"_links":{"self":[{"href":"https:\/\/masquefa.cat\/noticies\/wp-json\/wp\/v2\/posts\/15587"}],"collection":[{"href":"https:\/\/masquefa.cat\/noticies\/wp-json\/wp\/v2\/posts"}],"about":[{"href":"https:\/\/masquefa.cat\/noticies\/wp-json\/wp\/v2\/types\/post"}],"author":[{"embeddable":true,"href":"https:\/\/masquefa.cat\/noticies\/wp-json\/wp\/v2\/users\/7"}],"replies":[{"embeddable":true,"href":"https:\/\/masquefa.cat\/noticies\/wp-json\/wp\/v2\/comments?post=15587"}],"version-history":[{"count":1,"href":"https:\/\/masquefa.cat\/noticies\/wp-json\/wp\/v2\/posts\/15587\/revisions"}],"predecessor-version":[{"id":20590,"href":"https:\/\/masquefa.cat\/noticies\/wp-json\/wp\/v2\/posts\/15587\/revisions\/20590"}],"wp:attachment":[{"href":"https:\/\/masquefa.cat\/noticies\/wp-json\/wp\/v2\/media?parent=15587"}],"wp:term":[{"taxonomy":"category","embeddable":true,"href":"https:\/\/masquefa.cat\/noticies\/wp-json\/wp\/v2\/categories?post=15587"},{"taxonomy":"post_tag","embeddable":true,"href":"https:\/\/masquefa.cat\/noticies\/wp-json\/wp\/v2\/tags?post=15587"}],"curies":[{"name":"wp","href":"https:\/\/api.w.org\/{rel}","templated":true}]}}