{"id":15802,"date":"2008-03-19T00:00:00","date_gmt":"2008-03-18T23:00:00","guid":{"rendered":"http:\/\/ajmasquefa.atotarreu.com\/noticies\/processo-caramelles-i-aplec-al-cementiri-vell-per-setmana-santa\/"},"modified":"2008-03-19T00:00:00","modified_gmt":"2008-03-18T23:00:00","slug":"processo-caramelles-i-aplec-al-cementiri-vell-per-setmana-santa","status":"publish","type":"post","link":"https:\/\/masquefa.cat\/noticies\/processo-caramelles-i-aplec-al-cementiri-vell-per-setmana-santa\/","title":{"rendered":"Process\u00f3, caramelles i aplec al Cementiri Vell per Setmana Santa"},"content":{"rendered":"<p>Despr&eacute;s de la tradicional benedicci\u00f3 de rams de diumenge passat, Masquefa viur&agrave; aquest cap de setmana el gruix d&rsquo;actes de la Setmana Santa. Aix\u00ed, el 21 de mar&ccedil;, Divendres Sant, tindr&agrave; lloc la process\u00f3 que anualment organitza la Cofrad\u00eda del Cristo Crucificado y Nuestra Se&ntilde;ora de los Dolores i que compta tamb&eacute; amb la participaci\u00f3 de la Banda de M\u00fasics de Can Parellada. La process\u00f3 sortir&agrave; a les 8 del vespre de la Parr&ograve;quia de Sant Pere.<\/p>\n<p>D&rsquo;altra banda, diumenge, 23 de mar&ccedil;, es far&agrave; una cantada de caramelles organitzada per la Coral l&rsquo;Alzinar. Els cantaires es reuniran a 2\/4 d&rsquo;11 del mati davant de l&rsquo;Ajuntament per iniciar el recorregut pels carrers de la vila.<\/p>\n<p>Finalment, el 24 de mar&ccedil;, Dilluns de Pasqua, els masquefins i masquefines tornaran a celebrar el tradicional Aplec al Cementiri Vell. Es far&agrave; l&rsquo;habitual dinar popular i una ballada de sardanes amb la Cobla Mediterr&agrave;nia.<\/p>\n","protected":false},"excerpt":{"rendered":"<p>Despr&eacute;s de la tradicional benedicci\u00f3 de rams de diumenge passat, Masquefa viur&agrave; aquest cap de setmana el gruix d&rsquo;actes de la Setmana Santa. Aix\u00ed, el 21 de mar&ccedil;, Divendres Sant, tindr&agrave; lloc la process\u00f3 que anualment organitza la Cofrad\u00eda del Cristo Crucificado y Nuestra Se&ntilde;ora de los Dolores i que compta tamb&eacute; amb la participaci\u00f3&hellip;<\/p>\n","protected":false},"author":7,"featured_media":0,"comment_status":"closed","ping_status":"open","sticky":false,"template":"","format":"standard","meta":[],"categories":[1],"tags":[],"_links":{"self":[{"href":"https:\/\/masquefa.cat\/noticies\/wp-json\/wp\/v2\/posts\/15802"}],"collection":[{"href":"https:\/\/masquefa.cat\/noticies\/wp-json\/wp\/v2\/posts"}],"about":[{"href":"https:\/\/masquefa.cat\/noticies\/wp-json\/wp\/v2\/types\/post"}],"author":[{"embeddable":true,"href":"https:\/\/masquefa.cat\/noticies\/wp-json\/wp\/v2\/users\/7"}],"replies":[{"embeddable":true,"href":"https:\/\/masquefa.cat\/noticies\/wp-json\/wp\/v2\/comments?post=15802"}],"version-history":[{"count":0,"href":"https:\/\/masquefa.cat\/noticies\/wp-json\/wp\/v2\/posts\/15802\/revisions"}],"wp:attachment":[{"href":"https:\/\/masquefa.cat\/noticies\/wp-json\/wp\/v2\/media?parent=15802"}],"wp:term":[{"taxonomy":"category","embeddable":true,"href":"https:\/\/masquefa.cat\/noticies\/wp-json\/wp\/v2\/categories?post=15802"},{"taxonomy":"post_tag","embeddable":true,"href":"https:\/\/masquefa.cat\/noticies\/wp-json\/wp\/v2\/tags?post=15802"}],"curies":[{"name":"wp","href":"https:\/\/api.w.org\/{rel}","templated":true}]}}