{"id":15830,"date":"2008-04-09T00:00:00","date_gmt":"2008-04-08T22:00:00","guid":{"rendered":"http:\/\/ajmasquefa.atotarreu.com\/noticies\/una-xerrada-ensenyara-la-gent-gran-com-fer-anar-el-telefon-mobil\/"},"modified":"2017-12-11T11:36:29","modified_gmt":"2017-12-11T10:36:29","slug":"una-xerrada-ensenyara-la-gent-gran-com-fer-anar-el-telefon-mobil","status":"publish","type":"post","link":"https:\/\/masquefa.cat\/noticies\/una-xerrada-ensenyara-la-gent-gran-com-fer-anar-el-telefon-mobil\/","title":{"rendered":"Una xerrada ensenyar\u00e0 la gent gran com fer anar el tel\u00e8fon m\u00f2bil"},"content":{"rendered":"<p>La regidoria de Tecnologies de la Informaci\u00f3 i la Comunicaci\u00f3 ha organitzat per a aquest dissabte, 12 d&rsquo;abril, una xerrada per ensenyar els avis i &agrave;vies a fer anar el tel&egrave;fon m&ograve;bil. L&rsquo;acte es far&agrave; a 2\/4 d&rsquo;11 del mat\u00ed a la Sala Petita, i anir&agrave; a c&agrave;rrec de la t&egrave;cnica de Creu Roja Imma Ses&agrave;rria.<\/p>\n<p>La iniciativa pret&eacute;n ajudar la gent gran a familiaritzar-se amb el tel&egrave;fon m&ograve;bil o a aprendre a fer-lo anar en el cas que no se n&rsquo;hagi tingut mai cap. A la xerrada s&rsquo;ha de dur el tel&egrave;fon m&ograve;bil. Es deixaran tel&egrave;fons a les persones que no en tinguin. S&rsquo;oferir&agrave; un refrigeri als participants.<\/p>\n","protected":false},"excerpt":{"rendered":"<p>La regidoria de Tecnologies de la Informaci\u00f3 i la Comunicaci\u00f3 ha organitzat per a aquest dissabte, 12 d&rsquo;abril, una xerrada per ensenyar els avis i &agrave;vies a fer anar el tel&egrave;fon m&ograve;bil. L&rsquo;acte es far&agrave; a 2\/4 d&rsquo;11 del mat\u00ed a la Sala Petita, i anir&agrave; a c&agrave;rrec de la t&egrave;cnica de Creu Roja Imma&hellip;<\/p>\n","protected":false},"author":7,"featured_media":0,"comment_status":"closed","ping_status":"open","sticky":false,"template":"","format":"standard","meta":[],"categories":[55],"tags":[],"_links":{"self":[{"href":"https:\/\/masquefa.cat\/noticies\/wp-json\/wp\/v2\/posts\/15830"}],"collection":[{"href":"https:\/\/masquefa.cat\/noticies\/wp-json\/wp\/v2\/posts"}],"about":[{"href":"https:\/\/masquefa.cat\/noticies\/wp-json\/wp\/v2\/types\/post"}],"author":[{"embeddable":true,"href":"https:\/\/masquefa.cat\/noticies\/wp-json\/wp\/v2\/users\/7"}],"replies":[{"embeddable":true,"href":"https:\/\/masquefa.cat\/noticies\/wp-json\/wp\/v2\/comments?post=15830"}],"version-history":[{"count":1,"href":"https:\/\/masquefa.cat\/noticies\/wp-json\/wp\/v2\/posts\/15830\/revisions"}],"predecessor-version":[{"id":20243,"href":"https:\/\/masquefa.cat\/noticies\/wp-json\/wp\/v2\/posts\/15830\/revisions\/20243"}],"wp:attachment":[{"href":"https:\/\/masquefa.cat\/noticies\/wp-json\/wp\/v2\/media?parent=15830"}],"wp:term":[{"taxonomy":"category","embeddable":true,"href":"https:\/\/masquefa.cat\/noticies\/wp-json\/wp\/v2\/categories?post=15830"},{"taxonomy":"post_tag","embeddable":true,"href":"https:\/\/masquefa.cat\/noticies\/wp-json\/wp\/v2\/tags?post=15830"}],"curies":[{"name":"wp","href":"https:\/\/api.w.org\/{rel}","templated":true}]}}