{"id":16723,"date":"2010-10-06T00:00:00","date_gmt":"2010-10-05T22:00:00","guid":{"rendered":"http:\/\/ajmasquefa.atotarreu.com\/noticies\/la-copa-catalana-de-resistencia-dautocros-visitara-la-pedrosa-el-17-doctubre\/"},"modified":"2010-10-06T00:00:00","modified_gmt":"2010-10-05T22:00:00","slug":"la-copa-catalana-de-resistencia-dautocros-visitara-la-pedrosa-el-17-doctubre","status":"publish","type":"post","link":"https:\/\/masquefa.cat\/noticies\/la-copa-catalana-de-resistencia-dautocros-visitara-la-pedrosa-el-17-doctubre\/","title":{"rendered":"La Copa Catalana de Resist\u00e8ncia d&#8217;autocr\u00f2s visitar\u00e0 La Pedrosa el 17 d&#8217;octubre"},"content":{"rendered":"<p><a href=\"https:\/\/s3.eu-central-1.amazonaws.com\/ajmasquefa-multimedia-wp\/wp-historic-noticies\/uploads\/cursa924393.jpg\"><img decoding=\"async\" width=\"300\" src=\"https:\/\/s3.eu-central-1.amazonaws.com\/ajmasquefa-multimedia-wp\/wp-historic-noticies\/uploads\/cursa924393.jpg\" style=\"border: 0pt none; margin-right: 3px; margin-bottom: 3px; float: left;\" alt=\"\" \/><\/a><\/p>\n<p>El circuit de La Pedrosa acollir&agrave; el diumenge 17 d&rsquo;octubre una prova puntuable de la Copa Catalana de Resist&egrave;ncia d&rsquo;autocr&ograve;s. Aquesta ser&agrave; la cinquena i &uacute;ltima cursa d&rsquo;aquesta especialitat del 2010. &Eacute;s la segona vegada que el Club Esportiu Gas a fons organitza a Masquefa una prova puntuable per a la Copa Catalana. Est&agrave; previst que hi prenguin part els millors pilots catalans de la modalitat.<\/p>\n<p>La competici&oacute; comen&ccedil;ar&agrave; a les 7 del mat&iacute; amb l&rsquo;obertura del circuit. De 8 a 9 del mat&iacute; es faran les verificacions administratives, i fins a 2\/4 de 10 les verificacions t&egrave;cniques. La cursa s&rsquo;iniciar&agrave; a 2\/4 d&rsquo;11 del mat&iacute;. <br \/>\n&nbsp;<\/p>\n","protected":false},"excerpt":{"rendered":"<p>El circuit de La Pedrosa acollir&agrave; el diumenge 17 d&rsquo;octubre una prova puntuable de la Copa Catalana de Resist&egrave;ncia d&rsquo;autocr&ograve;s. Aquesta ser&agrave; la cinquena i &uacute;ltima cursa d&rsquo;aquesta especialitat del 2010. &Eacute;s la segona vegada que el Club Esportiu Gas a fons organitza a Masquefa una prova puntuable per a la Copa Catalana. Est&agrave; previst&hellip;<\/p>\n","protected":false},"author":7,"featured_media":0,"comment_status":"closed","ping_status":"open","sticky":false,"template":"","format":"standard","meta":[],"categories":[1],"tags":[],"_links":{"self":[{"href":"https:\/\/masquefa.cat\/noticies\/wp-json\/wp\/v2\/posts\/16723"}],"collection":[{"href":"https:\/\/masquefa.cat\/noticies\/wp-json\/wp\/v2\/posts"}],"about":[{"href":"https:\/\/masquefa.cat\/noticies\/wp-json\/wp\/v2\/types\/post"}],"author":[{"embeddable":true,"href":"https:\/\/masquefa.cat\/noticies\/wp-json\/wp\/v2\/users\/7"}],"replies":[{"embeddable":true,"href":"https:\/\/masquefa.cat\/noticies\/wp-json\/wp\/v2\/comments?post=16723"}],"version-history":[{"count":0,"href":"https:\/\/masquefa.cat\/noticies\/wp-json\/wp\/v2\/posts\/16723\/revisions"}],"wp:attachment":[{"href":"https:\/\/masquefa.cat\/noticies\/wp-json\/wp\/v2\/media?parent=16723"}],"wp:term":[{"taxonomy":"category","embeddable":true,"href":"https:\/\/masquefa.cat\/noticies\/wp-json\/wp\/v2\/categories?post=16723"},{"taxonomy":"post_tag","embeddable":true,"href":"https:\/\/masquefa.cat\/noticies\/wp-json\/wp\/v2\/tags?post=16723"}],"curies":[{"name":"wp","href":"https:\/\/api.w.org\/{rel}","templated":true}]}}