{"id":17245,"date":"2012-04-04T00:00:00","date_gmt":"2012-04-03T22:00:00","guid":{"rendered":"http:\/\/ajmasquefa.atotarreu.com\/noticies\/108-participants-i-41-voluntaris-certifiquen-lexit-participatiu-i-dorganitzacio-del-quart-duatlo-vila-de-masquefa\/"},"modified":"2012-04-04T00:00:00","modified_gmt":"2012-04-03T22:00:00","slug":"108-participants-i-41-voluntaris-certifiquen-lexit-participatiu-i-dorganitzacio-del-quart-duatlo-vila-de-masquefa","status":"publish","type":"post","link":"https:\/\/masquefa.cat\/noticies\/108-participants-i-41-voluntaris-certifiquen-lexit-participatiu-i-dorganitzacio-del-quart-duatlo-vila-de-masquefa\/","title":{"rendered":"108 participants i 41 voluntaris certifiquen l&#8217;\u00e8xit participatiu i d&#8217;organitzaci\u00f3 del quart Duatl\u00f3 Vila de Masquefa"},"content":{"rendered":"<p style=\"text-align: justify;\"><a onclick=\"window.open(this.href);return false\" href=\"https:\/\/s3.eu-central-1.amazonaws.com\/ajmasquefa-multimedia-wp\/wp-historic-noticies\/uploads\/duatlo2422.JPG\"><img decoding=\"async\" width=\"300\" src=\"https:\/\/s3.eu-central-1.amazonaws.com\/ajmasquefa-multimedia-wp\/wp-historic-noticies\/uploads\/duatlo2422.JPG\" style=\"border: 0pt none; margin-right: 3px; margin-bottom: 3px; float: left;\" alt=\"\" \/><\/a><\/p>\n<p style=\"text-align: justify;\">La quarta edici&oacute; del Duatl&oacute; Vila de Masquefa, organitzat pel Club Excursionista Anoia (CEA), va tornar a complir amb les expectatives i va assolir una destacada participaci&oacute; i un gran nivell organitzatiu.  Amb 108 atletes inscrits, 25 dels quals de Masquefa, el CEA va igualar l&rsquo;anterior edici&oacute; en nombre de participants. Una altra de les notes destacades va ser la gran participaci&oacute; de voluntaris: 41 persones que, amb la seva predisposici&oacute;, i amb la col&middot;laboraci&oacute; de la Policia Local i de Protecci&oacute; Civil, van garantir la seguretat dels corredors en tots els punts del circuit. <\/p>\n<p style=\"text-align: justify;\">El Duatl&oacute;, que va arrancar a l&rsquo;hora exacta, les 10.45h, va tenir com a principal atractiu un circuit no exempt de duresa que combinava l&rsquo;asfalt dels carrers amb la terra dels camins i pistes que enllacen les rieres i vinyes. En el primer segment, que va transc&oacute;rrer per la via urbana, els atletes van haver de cobrir 2.000 metres a carrera. El segon segment, de 18.000 metres i que traspassava els l&iacute;mits d&rsquo;Hostalets de Pierola, es va fer en bicicleta tot terreny i amb una duresa notable. Rieres, corriols i vinyes van fer que els atletes s&rsquo;haguessin d&rsquo;apurar a fons. Els corredors van arribar a boxes per deixar les bicicletes i fer la segona i darrera transici&oacute;. Aquest cop, molt m&eacute;s distanciats entre ells. L&rsquo;avituallament situat en aquest punt va resultar vital per afrontar el tercer segment amb for&ccedil;a i sota un sol d&rsquo;estiu. Aquest darrer tram del circuit el van cobrir novament a carrera: 4.000 dur&iacute;ssims metres.<\/p>\n<p style=\"text-align: justify;\">El primer corredor en creuar la l&iacute;nia de meta va ser Oriol Duran Duran, de Mediona, qui va registrar un temps total d&rsquo;1h 10m 35s. En categoria femenina la guanyadora va ser Eva S&aacute;nchez Valle, de Piera, amb un temps d&rsquo;1h 40m 15s. <\/p>\n<p style=\"text-align: justify;\">Entre els atletes masquefins van destacar Joan Card&uacute;s Marcos, el primer a creuar la meta amb un temps d&rsquo;1h 14m 24s, que li va donar un merescut quart lloc en la classificaci&oacute; general, a poc m&eacute;s de tres minuts del guanyador. En categoria femenina, la primera masquefina va ser Maribel Cabanillas Garc&iacute;a, que va fer un temps d&rsquo;1h 55m 56s, i va ser quarta de la seva categoria i 93a de la general.<\/p>\n<p style=\"text-align: justify;\"><a href=\"https:\/\/s3.eu-central-1.amazonaws.com\/ajmasquefa-multimedia-wp\/wp-historic-noticies\/uploads\/classificacio.general800570.pdf\">Classificaci&oacute; general<\/a><\/p>\n<p><a href=\"https:\/\/s3.eu-central-1.amazonaws.com\/ajmasquefa-multimedia-wp\/wp-historic-noticies\/uploads\/classificacio.cat.masculina595222.pdf\">Classificaci&oacute; categoria masculina<\/a><\/p>\n<p><a href=\"https:\/\/s3.eu-central-1.amazonaws.com\/ajmasquefa-multimedia-wp\/wp-historic-noticies\/uploads\/classificacio.cat.femenina545386.pdf\">Classificaci&oacute; categoria.femenina<\/a><\/p>\n<p>L&rsquo;organitzaci&oacute; va lliurar als atletes participants la &lsquo;Bossa del corredor&rsquo;, aix&iacute; com el premi a tots els afortunats en el sorteig que es va fer durant la cursa. El regidor d&rsquo;Esports de l&rsquo;Ajuntament, Carles P&eacute;rez, va ser l&rsquo;encarregat de lliurar els premis als guanyadors del duatl&oacute;.<\/p>\n<p style=\"text-align: justify;\">El Club Excursionista Anoia agraeix l&rsquo;esfor&ccedil; dels membres de la comissi&oacute; organitzadora, que van fer possible que el quart Duatl&oacute; Vila de Masquefa sort&iacute;s a la perfecci&oacute;. L&rsquo;entitat tamb&eacute; fa p&uacute;blic el seu agra&iuml;ment als voluntaris pel seu temps i comprensi&oacute;, a l&rsquo;establiment Players Esports Masquefa pel seu comprom&iacute;s en les inscripcions i l&rsquo;organitzaci&oacute;, a la Policia Local i Protecci&oacute; Civil, a l&rsquo;Ajuntament, als esp&ograve;nsors, a les empreses, a les botigues i als particulars que han fet possible aquesta gran festa de l&rsquo;esport.<br \/>\nTens fotos del duatl&oacute;?<br \/>\nTotes les persones que tinguin fotografies del duatl&oacute; o vulguin descarregar-se-les poden connectar-se a www.hotmail.com i entrar-hi com a clubmuntanyencmasquefi@hotmail.com, amb la paraula masquefi2000 de contrasenya. Posteriorment cal anar al directori superior, posar-se sobre &lsquo;SkyDrive&rsquo; i clicar a &lsquo;Fotos&rsquo;. En aquest apartat podreu veure-hi els &agrave;lbums de fotografies que ja s&rsquo;hi ha penjat i descarregar-hi les vostres imatges. <\/p>\n<p style=\"text-align: justify;\"><a onclick=\"window.open(this.href);return false\" href=\"https:\/\/s3.eu-central-1.amazonaws.com\/ajmasquefa-multimedia-wp\/wp-historic-noticies\/uploads\/duatlo1890.JPG\"><img decoding=\"async\" width=\"300\" src=\"https:\/\/s3.eu-central-1.amazonaws.com\/ajmasquefa-multimedia-wp\/wp-historic-noticies\/uploads\/duatlo1890.JPG\" style=\"border: 0pt none; margin-right: 3px; margin-bottom: 3px; float: left;\" alt=\"\" \/><\/a><br \/>\n&nbsp;<\/p>\n","protected":false},"excerpt":{"rendered":"<p>La quarta edici&oacute; del Duatl&oacute; Vila de Masquefa, organitzat pel Club Excursionista Anoia (CEA), va tornar a complir amb les expectatives i va assolir una destacada participaci&oacute; i un gran nivell organitzatiu. Amb 108 atletes inscrits, 25 dels quals de Masquefa, el CEA va igualar l&rsquo;anterior edici&oacute; en nombre de participants. Una altra de les&hellip;<\/p>\n","protected":false},"author":7,"featured_media":0,"comment_status":"closed","ping_status":"open","sticky":false,"template":"","format":"standard","meta":[],"categories":[1],"tags":[],"_links":{"self":[{"href":"https:\/\/masquefa.cat\/noticies\/wp-json\/wp\/v2\/posts\/17245"}],"collection":[{"href":"https:\/\/masquefa.cat\/noticies\/wp-json\/wp\/v2\/posts"}],"about":[{"href":"https:\/\/masquefa.cat\/noticies\/wp-json\/wp\/v2\/types\/post"}],"author":[{"embeddable":true,"href":"https:\/\/masquefa.cat\/noticies\/wp-json\/wp\/v2\/users\/7"}],"replies":[{"embeddable":true,"href":"https:\/\/masquefa.cat\/noticies\/wp-json\/wp\/v2\/comments?post=17245"}],"version-history":[{"count":0,"href":"https:\/\/masquefa.cat\/noticies\/wp-json\/wp\/v2\/posts\/17245\/revisions"}],"wp:attachment":[{"href":"https:\/\/masquefa.cat\/noticies\/wp-json\/wp\/v2\/media?parent=17245"}],"wp:term":[{"taxonomy":"category","embeddable":true,"href":"https:\/\/masquefa.cat\/noticies\/wp-json\/wp\/v2\/categories?post=17245"},{"taxonomy":"post_tag","embeddable":true,"href":"https:\/\/masquefa.cat\/noticies\/wp-json\/wp\/v2\/tags?post=17245"}],"curies":[{"name":"wp","href":"https:\/\/api.w.org\/{rel}","templated":true}]}}