{"id":18712,"date":"2015-05-27T00:00:00","date_gmt":"2015-05-26T22:00:00","guid":{"rendered":"http:\/\/ajmasquefa.atotarreu.com\/noticies\/dissabte-nova-xerrada-dels-cafes-amb-historia-lantic-egipte-simbologia-per-al-mes-enlla\/"},"modified":"2015-05-27T00:00:00","modified_gmt":"2015-05-26T22:00:00","slug":"dissabte-nova-xerrada-dels-cafes-amb-historia-lantic-egipte-simbologia-per-al-mes-enlla","status":"publish","type":"post","link":"https:\/\/masquefa.cat\/noticies\/dissabte-nova-xerrada-dels-cafes-amb-historia-lantic-egipte-simbologia-per-al-mes-enlla\/","title":{"rendered":"Dissabte, nova xerrada dels Caf\u00e8s amb Hist\u00f2ria: &#8216;L&#8217;antic Egipte, simbologia per al m\u00e9s enll\u00e0&#8217;"},"content":{"rendered":"<p style=\"text-align: justify;\"><a href=\"https:\/\/s3.eu-central-1.amazonaws.com\/ajmasquefa-multimedia-wp\/wp-historic-noticies\/uploads\/egipte_web450.jpg\" onclick=\"window.open(this.href);return false\"><img decoding=\"async\" style=\"border:0; margin-right:3;margin-bottom:3;float:left\" src=\"https:\/\/s3.eu-central-1.amazonaws.com\/ajmasquefa-multimedia-wp\/wp-historic-noticies\/uploads\/egipte_web450.jpg\" width=\"230\" alt=\"\" \/><\/a><\/p>\n<p style=\"text-align: justify;\">En el marc del programa &lsquo;Caf&egrave;s amb Hist&ograve;ria&rsquo;, el Casal d&rsquo;Avis ser&agrave; aquest dissabte, 30 de maig, a les 6 de la tarda, l&rsquo;escenari de la xerrada &lsquo;L&rsquo;antic Egipte, simbologia per al m&eacute;s enll&agrave;&rsquo;. &nbsp;La sessi&oacute;, que &eacute;s gratu&iuml;ta i oberta a tothom, anir&agrave; a c&agrave;rrec de Francesc M. Lliteres, llicenciat en Hist&ograve;ria de l&rsquo;Art i M&agrave;ster en Hist&ograve;ria de les Religions Antigues i Modernes per la Universitat de Barcelona.<\/p>\n<p style=\"text-align: justify;\">Posteriorment a aquesta xerrada, el dissabte 13 de juny es far&agrave; una sortida al Museu Egipci de Barcelona. Les inscripcions ja estan tancades.<\/p>\n","protected":false},"excerpt":{"rendered":"<p>En el marc del programa &lsquo;Caf&egrave;s amb Hist&ograve;ria&rsquo;, el Casal d&rsquo;Avis ser&agrave; aquest dissabte, 30 de maig, a les 6 de la tarda, l&rsquo;escenari de la xerrada &lsquo;L&rsquo;antic Egipte, simbologia per al m&eacute;s enll&agrave;&rsquo;. &nbsp;La sessi&oacute;, que &eacute;s gratu&iuml;ta i oberta a tothom, anir&agrave; a c&agrave;rrec de Francesc M. Lliteres, llicenciat en Hist&ograve;ria de l&rsquo;Art&hellip;<\/p>\n","protected":false},"author":7,"featured_media":0,"comment_status":"closed","ping_status":"open","sticky":false,"template":"","format":"standard","meta":[],"categories":[1],"tags":[],"_links":{"self":[{"href":"https:\/\/masquefa.cat\/noticies\/wp-json\/wp\/v2\/posts\/18712"}],"collection":[{"href":"https:\/\/masquefa.cat\/noticies\/wp-json\/wp\/v2\/posts"}],"about":[{"href":"https:\/\/masquefa.cat\/noticies\/wp-json\/wp\/v2\/types\/post"}],"author":[{"embeddable":true,"href":"https:\/\/masquefa.cat\/noticies\/wp-json\/wp\/v2\/users\/7"}],"replies":[{"embeddable":true,"href":"https:\/\/masquefa.cat\/noticies\/wp-json\/wp\/v2\/comments?post=18712"}],"version-history":[{"count":0,"href":"https:\/\/masquefa.cat\/noticies\/wp-json\/wp\/v2\/posts\/18712\/revisions"}],"wp:attachment":[{"href":"https:\/\/masquefa.cat\/noticies\/wp-json\/wp\/v2\/media?parent=18712"}],"wp:term":[{"taxonomy":"category","embeddable":true,"href":"https:\/\/masquefa.cat\/noticies\/wp-json\/wp\/v2\/categories?post=18712"},{"taxonomy":"post_tag","embeddable":true,"href":"https:\/\/masquefa.cat\/noticies\/wp-json\/wp\/v2\/tags?post=18712"}],"curies":[{"name":"wp","href":"https:\/\/api.w.org\/{rel}","templated":true}]}}