{"id":20896,"date":"2020-01-24T17:52:58","date_gmt":"2020-01-24T16:52:58","guid":{"rendered":"http:\/\/ajmasquefa.atotarreu.com\/noticies\/?p=20896"},"modified":"2020-01-24T17:55:33","modified_gmt":"2020-01-24T16:55:33","slug":"la-policia-local-dete-dues-persones-com-a-presumptes-autors-dun-robatori-en-un-domicili-de-can-parellada","status":"publish","type":"post","link":"https:\/\/masquefa.cat\/noticies\/la-policia-local-dete-dues-persones-com-a-presumptes-autors-dun-robatori-en-un-domicili-de-can-parellada\/","title":{"rendered":"La Policia Local det\u00e9 dues persones com a presumptes autors d\u2019un robatori en un domicili de Can Parellada"},"content":{"rendered":"<p><strong>L\u2019Ajuntament agraeix i posa en valor la col\u00b7laboraci\u00f3 ve\u00efnal, l\u2019actuaci\u00f3 diligent dels agents i la coordinaci\u00f3 i la cooperaci\u00f3 amb els cossos policials.<\/strong><\/p>\n<p>Dijous 23 de gener la <strong>Policia Local de Masquefa<\/strong>\u00a0va detenir a dos individus com a presumptes autors d\u2019un <strong>robatori en un domicili de Can Parellada<\/strong>.<\/p>\n<p>La detenci\u00f3 es va produir despr\u00e9s que els propietaris del domicili on es va dur a terme el robatori alertessin a la Policia Local que s\u2019havien trobat la casa oberta, for\u00e7ada i registrada. Un cop despla\u00e7ats fins a l\u2019habitatge, un dels agents policials que es trobava realitzant una inspecci\u00f3 ocular va observar a <strong>dos joves amb passamuntanyes<\/strong> i amb un tornav\u00eds que es dirigien cap a l&#8217;estaci\u00f3 de tren de Can Parellada.<\/p>\n<p>Alertats per la pres\u00e8ncia policial, els dos joves en q\u00fcesti\u00f3 van emprendre una fugida a peu per les vies del tren. Per tot plegat, la patrulla de la Policia Local de \u00a0Masquefa va perseguir els sospitosos fins a l&#8217;estaci\u00f3 de Masquefa, on all\u00e0 van aconseguir pujar a un dels vagons del tren i escapar en direcci\u00f3 Barcelona.<\/p>\n<p>Posteriorment, la Policia Local es va dirigir per carretera fins a l&#8217;estaci\u00f3 de tren de Sant Esteve Sesrovires per tal d\u2019interceptar els dos joves que s\u2019havien donat a la fuga. Quan el tren on viatjaven els dos sospitosos va arribar a Sant Esteve Sesrovires aquest es va aturar, i <strong>amb l&#8217;ajuda de dues patrulles de la policia de Sant Esteve Sesrovires i una de CME de Martorell es va aconseguir detenir als dos presumptes autors del robatori<\/strong>.<\/p>\n<p>En el registre que es va dur a terme als dos individus detinguts <strong>es va comissar una gran quantitat de rellotges de marca, m\u00f2bils i diners en efectiu<\/strong>; i els dos joves van ser detinguts per la Policia Local de Masquefa i traslladats posteriorment a la Prefectura de Masquefa, on es van iniciar les dilig\u00e8ncies pel seu posterior trasllat al dip\u00f2sit de detinguts de la comiss\u00e0ria de Mossos d\u2019Esquadra de Martorell.<\/p>\n","protected":false},"excerpt":{"rendered":"<p>L\u2019Ajuntament agraeix i posa en valor la col\u00b7laboraci\u00f3 ve\u00efnal, l\u2019actuaci\u00f3 diligent dels agents i la coordinaci\u00f3 i la cooperaci\u00f3 amb els cossos policials. Dijous 23 de gener la Policia Local de Masquefa\u00a0va detenir a dos individus com a presumptes autors d\u2019un robatori en un domicili de Can Parellada. La detenci\u00f3 es va produir despr\u00e9s que&hellip;<\/p>\n","protected":false},"author":1,"featured_media":22706,"comment_status":"closed","ping_status":"open","sticky":false,"template":"","format":"standard","meta":[],"categories":[96,1,69],"tags":[],"_links":{"self":[{"href":"https:\/\/masquefa.cat\/noticies\/wp-json\/wp\/v2\/posts\/20896"}],"collection":[{"href":"https:\/\/masquefa.cat\/noticies\/wp-json\/wp\/v2\/posts"}],"about":[{"href":"https:\/\/masquefa.cat\/noticies\/wp-json\/wp\/v2\/types\/post"}],"author":[{"embeddable":true,"href":"https:\/\/masquefa.cat\/noticies\/wp-json\/wp\/v2\/users\/1"}],"replies":[{"embeddable":true,"href":"https:\/\/masquefa.cat\/noticies\/wp-json\/wp\/v2\/comments?post=20896"}],"version-history":[{"count":5,"href":"https:\/\/masquefa.cat\/noticies\/wp-json\/wp\/v2\/posts\/20896\/revisions"}],"predecessor-version":[{"id":24081,"href":"https:\/\/masquefa.cat\/noticies\/wp-json\/wp\/v2\/posts\/20896\/revisions\/24081"}],"wp:featuredmedia":[{"embeddable":true,"href":"https:\/\/masquefa.cat\/noticies\/wp-json\/wp\/v2\/media\/22706"}],"wp:attachment":[{"href":"https:\/\/masquefa.cat\/noticies\/wp-json\/wp\/v2\/media?parent=20896"}],"wp:term":[{"taxonomy":"category","embeddable":true,"href":"https:\/\/masquefa.cat\/noticies\/wp-json\/wp\/v2\/categories?post=20896"},{"taxonomy":"post_tag","embeddable":true,"href":"https:\/\/masquefa.cat\/noticies\/wp-json\/wp\/v2\/tags?post=20896"}],"curies":[{"name":"wp","href":"https:\/\/api.w.org\/{rel}","templated":true}]}}