{"id":21255,"date":"2018-04-23T12:00:16","date_gmt":"2018-04-23T10:00:16","guid":{"rendered":"http:\/\/masquefa.cat\/noticies\/?p=21255"},"modified":"2018-04-30T10:37:20","modified_gmt":"2018-04-30T08:37:20","slug":"nova-localitzacio-de-larea-de-benestar-social-de-lajuntament","status":"publish","type":"post","link":"https:\/\/masquefa.cat\/noticies\/nova-localitzacio-de-larea-de-benestar-social-de-lajuntament\/","title":{"rendered":"Nova localitzaci\u00f3 de l\u2019\u00c0rea de Benestar Social de l\u2019Ajuntament"},"content":{"rendered":"<p><strong>L&#8217;Ajuntament de Masquefa informa que l&#8217;\u00c0rea de Benestar Social estrena aquest mes d&#8217;abril nova ubicaci\u00f3 i es trasllada a la Torre dels Lleons (c\/Crehueta, 33). L&#8217;horari d&#8217;atenci\u00f3 \u00e9s de 10 h. a 13 h. i el tel\u00e8fon de contacte \u00e9s el\u00a093 772 50 30.<\/strong><\/p>\n","protected":false},"excerpt":{"rendered":"<p>L&#8217;Ajuntament de Masquefa informa que l&#8217;\u00c0rea de Benestar Social estrena aquest mes d&#8217;abril nova ubicaci\u00f3 i es trasllada a la Torre dels Lleons (c\/Crehueta, 33). L&#8217;horari d&#8217;atenci\u00f3 \u00e9s de 10 h. a 13 h. i el tel\u00e8fon de contacte \u00e9s el\u00a093 772 50 30.<\/p>\n","protected":false},"author":7,"featured_media":21293,"comment_status":"closed","ping_status":"open","sticky":false,"template":"","format":"standard","meta":[],"categories":[59,95,1],"tags":[],"_links":{"self":[{"href":"https:\/\/masquefa.cat\/noticies\/wp-json\/wp\/v2\/posts\/21255"}],"collection":[{"href":"https:\/\/masquefa.cat\/noticies\/wp-json\/wp\/v2\/posts"}],"about":[{"href":"https:\/\/masquefa.cat\/noticies\/wp-json\/wp\/v2\/types\/post"}],"author":[{"embeddable":true,"href":"https:\/\/masquefa.cat\/noticies\/wp-json\/wp\/v2\/users\/7"}],"replies":[{"embeddable":true,"href":"https:\/\/masquefa.cat\/noticies\/wp-json\/wp\/v2\/comments?post=21255"}],"version-history":[{"count":1,"href":"https:\/\/masquefa.cat\/noticies\/wp-json\/wp\/v2\/posts\/21255\/revisions"}],"predecessor-version":[{"id":21257,"href":"https:\/\/masquefa.cat\/noticies\/wp-json\/wp\/v2\/posts\/21255\/revisions\/21257"}],"wp:featuredmedia":[{"embeddable":true,"href":"https:\/\/masquefa.cat\/noticies\/wp-json\/wp\/v2\/media\/21293"}],"wp:attachment":[{"href":"https:\/\/masquefa.cat\/noticies\/wp-json\/wp\/v2\/media?parent=21255"}],"wp:term":[{"taxonomy":"category","embeddable":true,"href":"https:\/\/masquefa.cat\/noticies\/wp-json\/wp\/v2\/categories?post=21255"},{"taxonomy":"post_tag","embeddable":true,"href":"https:\/\/masquefa.cat\/noticies\/wp-json\/wp\/v2\/tags?post=21255"}],"curies":[{"name":"wp","href":"https:\/\/api.w.org\/{rel}","templated":true}]}}