{"id":21443,"date":"2018-05-21T12:49:05","date_gmt":"2018-05-21T10:49:05","guid":{"rendered":"http:\/\/masquefa.cat\/noticies\/?p=21443"},"modified":"2018-05-21T13:04:59","modified_gmt":"2018-05-21T11:04:59","slug":"sant-isidre-treu-a-relluir-tot-el-potencial-associatiu-i-cultural-de-masquefa","status":"publish","type":"post","link":"https:\/\/masquefa.cat\/noticies\/sant-isidre-treu-a-relluir-tot-el-potencial-associatiu-i-cultural-de-masquefa\/","title":{"rendered":"Sant Isidre treu a relluir tot el potencial associatiu i cultural de Masquefa"},"content":{"rendered":"<p><strong>L\u2019Ajuntament d\u00f3na les gr\u00e0cies a totes les entitats i voluntaris que han fet possible, un any m\u00e9s, un nou \u00e8xit de la Festa Major Petita. Del 18 al 20 de maig, els carrers de la vila es van omplir de m\u00faltiples propostes <\/strong><strong>encap\u00e7alades per la cultura popular i les tradicions.<\/strong><\/p>\n<p>Masquefa va acomiadar aquest cap de setmana una nova edici\u00f3 de <strong>Sant Isidre<\/strong>, la <strong>Festa Major Petita de Masquefa<\/strong>, despr\u00e9s de tres intensos i emotius dies de festivitat que van omplir de cultura i tradici\u00f3 els carrers de la vila del divendres 18 al diumenge 20 de maig.<\/p>\n<p>Enguany, el programa oferia als masquefins propostes de llarg recorregut com el <strong>Sopar de Faves<\/strong>, la <strong>Trobada de Puntaires<\/strong>, el correfoc dels <strong>Pixafocs i Cagaspurnes Colla de Diables de Masquefa <\/strong>o l\u2019<strong>Anada d\u2019Ofici amb el seguici de Masquefa<\/strong>; i activitats l\u00fadiques, esportives i culturals per a tots els p\u00fablics amb l\u2019objectiu de commemorar la festivitat.<\/p>\n<p><strong><u>Un programa d\u2019activitats ampli i variat<\/u><\/strong><\/p>\n<p>La Festa Major Petita ha ofert enguany als masquefins un gran ventall de propostes l\u00fadiques i culturals com ara una exposici\u00f3 de puzles a c\u00e0rrec de Jordi Puiggr\u00f3s; espectacles d\u2019animaci\u00f3 i tallers infantils; disco m\u00f2bil; l\u2019actuaci\u00f3 de Big Dani P\u00e9rez; el torneig de petanca de Sant Isidre; una mostra i l\u2019elecci\u00f3 dels guanyadors dels premis Fotoflash i FotoflashRetard; un trenet per passejar per Masquefa; ball; concerts de versions; el 2n Campionat de Copa HRD-Lions de Taekwon-do ITF; caramelles; combos a c\u00e0rrec de l\u2019Aula de M\u00fasica; espectacles d\u2019humor i m\u00e0gia; el concert de Neus Mar i Imma Presas; o una exhibici\u00f3 de hip-hop.<\/p>\n<p>Amb tot, la pluja va obligar a suspendre la cercavila amb la Colla Gegantera de Masquefa, la Colla de Ball de Bastons de Masquefa, el Drac Bufut i els Tabals de Pixafocs i Cagaspurnes Colla de Diables de Masquefa.<\/p>\n<p><strong><u>El Sopar de Faves arriba a la 26a edici\u00f3<\/u><\/strong><\/p>\n<p>El tradicional <strong>Sopar de Faves<\/strong>, una de les propostes m\u00e9s ic\u00f2niques de Sant Isidre i que enguany celebrava la seva <strong>26a edici\u00f3<\/strong>, va ser l\u2019encarregat de donar divendres 18 de maig el tret de sortida a la Festa Major Petita del 2018.<\/p>\n<p>Un any m\u00e9s, la proposta organitzada per la <strong>Societat Recreativa i Cultural L\u2019Alzinar<\/strong> amb l\u2019objectiu de retre homenatge al patr\u00f3 dels pagesos masquefins, va ser tot un <strong>\u00e8xit de participaci\u00f3<\/strong>. Com tamb\u00e9 ho va ser el <strong>lliurament de les Faves d\u2019Argent 2018<\/strong>, el premi que es concedeix als ve\u00efns que han dedicat temps i esfor\u00e7 a millorar la qualitat cultural, social, esportiva i associativa de la vila i que enguany va anar a parar a <strong>Antoni Alt\u00e9s Isart<\/strong> i <strong>Heribert Bruguera Ferrer<\/strong>; a qui l\u2019Ajuntament felicita per aquest merescut reconeixement.<\/p>\n<p><strong><u>La Trobada de Puntaires repeteix per Sant Isidre<\/u><\/strong><\/p>\n<p>La tradicional <strong>Trobada de Puntaires<\/strong>, que enguany ha complert la seva <strong>divuitena edici\u00f3<\/strong>, es va celebrar aquest cap de setmana, per segon cop, coincidint amb la Festa Major Petita.<\/p>\n<p>L\u2019art de les puntes de coix\u00ed va omplir dissabte 19 de maig la Pla\u00e7a Josep Maria Vila i els assistents van poder contemplar i admirar les laborioses creacions fetes durant aquesta activitat organitzada per el <strong>Grup de Puntaires de Masquefa<\/strong>.<\/p>\n<p><strong><u>Una delegaci\u00f3 de la poblaci\u00f3 italiana de Lurate Caccivio visita Masquefa<\/u><\/strong><\/p>\n<p>Divendres <strong>18 de maig<\/strong>, primer dia de celebraci\u00f3 de la <strong>Festa Major Petita<\/strong>, Masquefa va rebre una visita molt especial. Una delegaci\u00f3 provinent de la poblaci\u00f3 italiana de <strong>Lurate Caccivio<\/strong>, situada a la regi\u00f3 de la Llombardia, va viatjar fins al municipi per participar de l\u2019arrencada de Sant Isidre i con\u00e8ixer de prop la vila i els seus ve\u00efns coincidint amb una de les festivitats masquefines m\u00e9s importants de l\u2019any.<\/p>\n<p>La visita de la delegaci\u00f3 de Lurate Caccivio tamb\u00e9 t\u00e9 com a objectiu tractar de primera m\u00e0 una <strong>futura col\u00b7laboraci\u00f3 comuna entre els dos municipis<\/strong> en mat\u00e8ria cultural, esportiva, econ\u00f2mica i tur\u00edstica. Per tot plegat, <strong>una delegaci\u00f3 de Masquefa es despla\u00e7ar\u00e0 de l\u20191 al 3 de juny a Lurate Caccivio <\/strong>per retornar la visita i con\u00e8ixer la realitat d\u2019aquesta poblaci\u00f3 italiana.<\/p>\n","protected":false},"excerpt":{"rendered":"<p>L\u2019Ajuntament d\u00f3na les gr\u00e0cies a totes les entitats i voluntaris que han fet possible, un any m\u00e9s, un nou \u00e8xit de la Festa Major Petita. Del 18 al 20 de maig, els carrers de la vila es van omplir de m\u00faltiples propostes encap\u00e7alades per la cultura popular i les tradicions. Masquefa va acomiadar aquest cap&hellip;<\/p>\n","protected":false},"author":7,"featured_media":21444,"comment_status":"closed","ping_status":"open","sticky":false,"template":"","format":"standard","meta":[],"categories":[96,61,1],"tags":[],"_links":{"self":[{"href":"https:\/\/masquefa.cat\/noticies\/wp-json\/wp\/v2\/posts\/21443"}],"collection":[{"href":"https:\/\/masquefa.cat\/noticies\/wp-json\/wp\/v2\/posts"}],"about":[{"href":"https:\/\/masquefa.cat\/noticies\/wp-json\/wp\/v2\/types\/post"}],"author":[{"embeddable":true,"href":"https:\/\/masquefa.cat\/noticies\/wp-json\/wp\/v2\/users\/7"}],"replies":[{"embeddable":true,"href":"https:\/\/masquefa.cat\/noticies\/wp-json\/wp\/v2\/comments?post=21443"}],"version-history":[{"count":3,"href":"https:\/\/masquefa.cat\/noticies\/wp-json\/wp\/v2\/posts\/21443\/revisions"}],"predecessor-version":[{"id":21447,"href":"https:\/\/masquefa.cat\/noticies\/wp-json\/wp\/v2\/posts\/21443\/revisions\/21447"}],"wp:featuredmedia":[{"embeddable":true,"href":"https:\/\/masquefa.cat\/noticies\/wp-json\/wp\/v2\/media\/21444"}],"wp:attachment":[{"href":"https:\/\/masquefa.cat\/noticies\/wp-json\/wp\/v2\/media?parent=21443"}],"wp:term":[{"taxonomy":"category","embeddable":true,"href":"https:\/\/masquefa.cat\/noticies\/wp-json\/wp\/v2\/categories?post=21443"},{"taxonomy":"post_tag","embeddable":true,"href":"https:\/\/masquefa.cat\/noticies\/wp-json\/wp\/v2\/tags?post=21443"}],"curies":[{"name":"wp","href":"https:\/\/api.w.org\/{rel}","templated":true}]}}