{"id":21448,"date":"2018-05-21T17:53:17","date_gmt":"2018-05-21T15:53:17","guid":{"rendered":"http:\/\/masquefa.cat\/noticies\/?p=21448"},"modified":"2018-05-21T17:53:57","modified_gmt":"2018-05-21T15:53:57","slug":"necessites-ajuda-economica-per-pagar-el-lloguer","status":"publish","type":"post","link":"https:\/\/masquefa.cat\/noticies\/necessites-ajuda-economica-per-pagar-el-lloguer\/","title":{"rendered":"Necessites ajuda econ\u00f2mica per pagar el lloguer?"},"content":{"rendered":"<p><strong>L\u2019Ag\u00e8ncia de l\u2019Habitatge de Catalunya obre una nova convocat\u00f2ria d\u2019ajuts per pagar el lloguer. <\/strong><strong>El per\u00edode de presentaci\u00f3 de sol\u00b7licituds finalitza el\u00a029 de juny de 2018<\/strong>.<\/p>\n<p>L&#8217;<strong>Ajuntament de Masquefa <\/strong>informa que l&#8217;<strong>Ag\u00e8ncia de l\u2019Habitatge de Catalunya<\/strong>, del Departament de Governaci\u00f3, Administracions P\u00fabliques i Habitatge, ha obert la convocat\u00f2ria de les <strong>prestacions per al pagament del lloguer<\/strong> per a aquest any 2018. \u00a0Aquestes subvencions s\u2019atorguen en un r\u00e8gim de concurr\u00e8ncia competitiva, \u00e9s a dir, s\u2019avaluaran totes les sol\u00b7licituds a la vegada i es triaran les que tenen unes caracter\u00edstiques m\u00e9s favorables per rebre l\u2019ajut.<\/p>\n<p><strong><u>Requisits<\/u><\/strong><\/p>\n<p>Aquests ajuts s\u2019adrecen a persones que siguin titulars d\u2019un contracte de lloguer que constitueixi el seu domicili habitual i permanent al territori de Catalunya.\u00a0Les persones sol\u00b7licitants han de complir amb els seg\u00fcents\u00a0<strong>requisits<\/strong>:<\/p>\n<ul>\n<li>Tenir la resid\u00e8ncia legal a Catalunya.<\/li>\n<li>Que la unitat de conviv\u00e8ncia tingui uns ingressos suficients per poder pagar el lloguer i que no sobrepassin els l\u00edmits establerts a les bases de la convocat\u00f2ria (vegeu la base 5). Aquest l\u00edmit no s&#8217;aplica als sup\u00f2sits de v\u00edctimes de terrorisme.<\/li>\n<li>Ser titular d&#8217;un contracte de lloguer de l&#8217;habitatge que sigui el seu domicili habitual i permanent. Cal estar-hi empadronat.<\/li>\n<li>No pagar un lloguer mensual per l&#8217;habitatge superior a 600\u20ac en el cas de la demarcaci\u00f3 de Barcelona.<\/li>\n<li>Tenir domiciliat el cobrament de la subvenci\u00f3 en una entitat financera.<\/li>\n<li>Estar al corrent de pagament de les rendes de en el moment de presentar la sol\u00b7licitud.<\/li>\n<li>Pagar el lloguer de l\u2019habitatge per mitj\u00e0 de transfer\u00e8ncia banc\u00e0ria, rebut domiciliat, ingr\u00e9s en compte o rebut em\u00e8s per la persona administradora de la finca, com a m\u00ednim a partir del mes seg\u00fcent a la data de presentaci\u00f3 de la sol\u00b7licitud.<\/li>\n<li>No estar sotm\u00e8s a cap dels sup\u00f2sits de prohibici\u00f3 per ser beneficiari de subvencions de conformitat amb el que estableix la Llei 38\/2003, de 17 de novembre, general de subvencions, i no haver estat objecte d&#8217;un procediment de revocaci\u00f3 d&#8217;algun dels ajuts establerts pel Reial decret 106\/2018, de 9 de mar\u00e7, o per l&#8217;anterior Pla estatal d&#8217;habitatge, per incompliment o causa imputable a la persona sol\u00b7licitant..<\/li>\n<li>Complir les obligacions tribut\u00e0ries davant l&#8217;Estat, la Generalitat i les obligacions amb la Seguretat Social. (Es comprovar\u00e0 d&#8217;ofici abans de la proposta de la resoluci\u00f3)<\/li>\n<\/ul>\n<p><strong><u>Presentaci\u00f3 de sol\u00b7licituds<\/u><\/strong><\/p>\n<p>Tots aquells ve\u00efns interessats a enviar les seves sol\u00b7licituds poden fer els tr\u00e0mits i gestions a trav\u00e9s del <a href=\"http:\/\/habitatge.gencat.cat\/ca\/detalls\/Tramits\/20246_Subvencions-per-al-pagament-del-lloguer?category=74aba454-a82c-11e3-a972-000c29052e2c&amp;moda=1\"><strong>portal web de la Generalitat de Catalunya<\/strong><\/a> o a qualsevol oficina de l&#8217;<strong>Ag\u00e8ncia de l\u2019Habitatge de Catalunya <\/strong>(en el cas de l&#8217;Anoia, l&#8217;oficina est\u00e0 situada al Consell Comarcal de l&#8217;Anoia -pla\u00e7a Sant Miquel, 5, Igualada) sol\u00b7licitant <strong>cita pr\u00e8via al 93 805 15 85<\/strong>. Mentrestant, a la <strong>Torre dels Lleons<\/strong> de Masquefa es podran recollir els <strong><a href=\"http:\/\/habitatge.gencat.cat\/web\/shared\/OVT\/Departaments\/GAH\/A_Habitatge\/Documents\/ajuts_lloguer\/833_Sol_Subvencio_Lloguer.pdf\">impresos<\/a><\/strong> necessaris per a poder dur a terme la gesti\u00f3.<\/p>\n","protected":false},"excerpt":{"rendered":"<p>L\u2019Ag\u00e8ncia de l\u2019Habitatge de Catalunya obre una nova convocat\u00f2ria d\u2019ajuts per pagar el lloguer. El per\u00edode de presentaci\u00f3 de sol\u00b7licituds finalitza el\u00a029 de juny de 2018. L&#8217;Ajuntament de Masquefa informa que l&#8217;Ag\u00e8ncia de l\u2019Habitatge de Catalunya, del Departament de Governaci\u00f3, Administracions P\u00fabliques i Habitatge, ha obert la convocat\u00f2ria de les prestacions per al pagament del&hellip;<\/p>\n","protected":false},"author":7,"featured_media":21449,"comment_status":"closed","ping_status":"open","sticky":false,"template":"","format":"standard","meta":[],"categories":[59,96,1,54,85],"tags":[],"_links":{"self":[{"href":"https:\/\/masquefa.cat\/noticies\/wp-json\/wp\/v2\/posts\/21448"}],"collection":[{"href":"https:\/\/masquefa.cat\/noticies\/wp-json\/wp\/v2\/posts"}],"about":[{"href":"https:\/\/masquefa.cat\/noticies\/wp-json\/wp\/v2\/types\/post"}],"author":[{"embeddable":true,"href":"https:\/\/masquefa.cat\/noticies\/wp-json\/wp\/v2\/users\/7"}],"replies":[{"embeddable":true,"href":"https:\/\/masquefa.cat\/noticies\/wp-json\/wp\/v2\/comments?post=21448"}],"version-history":[{"count":1,"href":"https:\/\/masquefa.cat\/noticies\/wp-json\/wp\/v2\/posts\/21448\/revisions"}],"predecessor-version":[{"id":21450,"href":"https:\/\/masquefa.cat\/noticies\/wp-json\/wp\/v2\/posts\/21448\/revisions\/21450"}],"wp:featuredmedia":[{"embeddable":true,"href":"https:\/\/masquefa.cat\/noticies\/wp-json\/wp\/v2\/media\/21449"}],"wp:attachment":[{"href":"https:\/\/masquefa.cat\/noticies\/wp-json\/wp\/v2\/media?parent=21448"}],"wp:term":[{"taxonomy":"category","embeddable":true,"href":"https:\/\/masquefa.cat\/noticies\/wp-json\/wp\/v2\/categories?post=21448"},{"taxonomy":"post_tag","embeddable":true,"href":"https:\/\/masquefa.cat\/noticies\/wp-json\/wp\/v2\/tags?post=21448"}],"curies":[{"name":"wp","href":"https:\/\/api.w.org\/{rel}","templated":true}]}}