{"id":21466,"date":"2018-05-23T09:04:18","date_gmt":"2018-05-23T07:04:18","guid":{"rendered":"http:\/\/masquefa.cat\/noticies\/?p=21466"},"modified":"2018-05-23T09:04:18","modified_gmt":"2018-05-23T07:04:18","slug":"la-unitat-mobil-itv-per-a-tractors-i-ciclomotors-sera-a-masquefa-el-5-i-6-de-juliol","status":"publish","type":"post","link":"https:\/\/masquefa.cat\/noticies\/la-unitat-mobil-itv-per-a-tractors-i-ciclomotors-sera-a-masquefa-el-5-i-6-de-juliol\/","title":{"rendered":"La unitat m\u00f2bil ITV per a tractors i ciclomotors ser\u00e0 a Masquefa el 5 i 6 de juliol"},"content":{"rendered":"<p><strong>Per fer \u00fas del servei cal reservar cita pr\u00e8via a l\u2019Oficina d\u2019Atenci\u00f3 al Vilat\u00e0.<\/strong><\/p>\n<p>L\u2019<strong>Ajuntament de Masquefa <\/strong>informa els ve\u00efns que els dies <strong>5 i 6 de juliol<\/strong> s\u2019instal\u00b7lar\u00e0 una <strong>unitat m\u00f2bil ITV <\/strong>al <strong>carrer Xic de l\u2019Any\u00e9<\/strong>, al costat de l\u2019Institut de Masquefa, que atendr\u00e0 a tots aquells propietaris de <strong>tractors agr\u00edcoles i ciclomotors de 49cc<\/strong> que necessitin passar la <strong>Inspecci\u00f3 T\u00e8cnica de Vehicles (ITV)<\/strong>.<\/p>\n<p>El servei es realitzar\u00e0 entre les <strong>09 h. i les 13 h.<\/strong> i per fer-ne \u00fas <strong>caldr\u00e0 reservar hora pr\u00e8viament<\/strong> a trav\u00e9s de l\u2019Oficina d\u2019Atenci\u00f3 al Vilat\u00e0 (OAV).<\/p>\n<p><strong><u>Periodicitat de les inspeccions<\/u><\/strong><\/p>\n<p>D\u2019acord amb el Reial Decret 2042\/1994 de 14 d\u2019octubre que regula la inspecci\u00f3 t\u00e8cnica de vehicles, la primera inspecci\u00f3 ITV a vehicles agr\u00edcoles es realitzar\u00e0 als 8 anys de la data de primera matriculaci\u00f3. Per a vehicles ciclomotors, la primera inspecci\u00f3 ITV es realitzar\u00e0 als 3 anys de la primera matriculaci\u00f3.<\/p>\n","protected":false},"excerpt":{"rendered":"<p>Per fer \u00fas del servei cal reservar cita pr\u00e8via a l\u2019Oficina d\u2019Atenci\u00f3 al Vilat\u00e0. L\u2019Ajuntament de Masquefa informa els ve\u00efns que els dies 5 i 6 de juliol s\u2019instal\u00b7lar\u00e0 una unitat m\u00f2bil ITV al carrer Xic de l\u2019Any\u00e9, al costat de l\u2019Institut de Masquefa, que atendr\u00e0 a tots aquells propietaris de tractors agr\u00edcoles i ciclomotors&hellip;<\/p>\n","protected":false},"author":7,"featured_media":21467,"comment_status":"closed","ping_status":"open","sticky":false,"template":"","format":"standard","meta":[],"categories":[96,1,54],"tags":[],"_links":{"self":[{"href":"https:\/\/masquefa.cat\/noticies\/wp-json\/wp\/v2\/posts\/21466"}],"collection":[{"href":"https:\/\/masquefa.cat\/noticies\/wp-json\/wp\/v2\/posts"}],"about":[{"href":"https:\/\/masquefa.cat\/noticies\/wp-json\/wp\/v2\/types\/post"}],"author":[{"embeddable":true,"href":"https:\/\/masquefa.cat\/noticies\/wp-json\/wp\/v2\/users\/7"}],"replies":[{"embeddable":true,"href":"https:\/\/masquefa.cat\/noticies\/wp-json\/wp\/v2\/comments?post=21466"}],"version-history":[{"count":1,"href":"https:\/\/masquefa.cat\/noticies\/wp-json\/wp\/v2\/posts\/21466\/revisions"}],"predecessor-version":[{"id":21468,"href":"https:\/\/masquefa.cat\/noticies\/wp-json\/wp\/v2\/posts\/21466\/revisions\/21468"}],"wp:featuredmedia":[{"embeddable":true,"href":"https:\/\/masquefa.cat\/noticies\/wp-json\/wp\/v2\/media\/21467"}],"wp:attachment":[{"href":"https:\/\/masquefa.cat\/noticies\/wp-json\/wp\/v2\/media?parent=21466"}],"wp:term":[{"taxonomy":"category","embeddable":true,"href":"https:\/\/masquefa.cat\/noticies\/wp-json\/wp\/v2\/categories?post=21466"},{"taxonomy":"post_tag","embeddable":true,"href":"https:\/\/masquefa.cat\/noticies\/wp-json\/wp\/v2\/tags?post=21466"}],"curies":[{"name":"wp","href":"https:\/\/api.w.org\/{rel}","templated":true}]}}