{"id":21486,"date":"2018-05-28T14:01:51","date_gmt":"2018-05-28T12:01:51","guid":{"rendered":"http:\/\/masquefa.cat\/noticies\/?p=21486"},"modified":"2018-05-28T14:01:51","modified_gmt":"2018-05-28T12:01:51","slug":"la-diputacio-entrega-a-lajuntament-el-projecte-de-construccio-de-la-passarel%e2%80%a2la-que-enllacara-can-quisero-i-el-maset","status":"publish","type":"post","link":"https:\/\/masquefa.cat\/noticies\/la-diputacio-entrega-a-lajuntament-el-projecte-de-construccio-de-la-passarel%e2%80%a2la-que-enllacara-can-quisero-i-el-maset\/","title":{"rendered":"La Diputaci\u00f3 entrega a l\u2019Ajuntament el projecte de construcci\u00f3 de la passarel\u2022la que enlla\u00e7ar\u00e0 Can Quiser\u00f3 i El Maset"},"content":{"rendered":"<p><strong>L\u2019objectiu del consistori \u00e9s iniciar aquest 2018 la construcci\u00f3 d\u2019una passarel\u00b7la que unir\u00e0 ambdues urbanitzacions i que permetr\u00e0 als ve\u00efns creuar de punta a punta el municipi sense necessitat de transitar per la carretera. <\/strong><\/p>\n<p>L\u2019<strong>Ajuntament de Masquefa <\/strong>t\u00e9 previst iniciar enguany les obres de construcci\u00f3 d\u2019una <strong>passarel\u00b7la que uneixi Can Quiser\u00f3 i El Maset<\/strong>.<\/p>\n<p>Dimarts <strong>22 de maig<\/strong>, la Diputaci\u00f3 de Barcelona va fer entrega al consistori del projecte executiu d\u2019aquesta obra que tindr\u00e0 un cost de <strong>607.905,54\u20ac<\/strong> i que t\u00e9 com a objectiu edificar una passarel\u00b7la permanent que <strong>uneixi les urbanitzacions de Can Quiser\u00f3 i El Maset de forma segura, \u00f2ptima i adaptada<\/strong> i que permeti als ve\u00efns de Masquefa <strong>creuar tot el municipi de punta a punta, a peu o amb bicicleta<\/strong>, sense necessitat de transitar en cap moment per la carretera.<\/p>\n<p>En paraules de Xavier Boquete, aquesta actuaci\u00f3 permetr\u00e0 a l\u2019Ajuntament \u201c<strong>donar un pas endavant molt important en l\u2019objectiu de fer de Masquefa un poble m\u00e9s cohesionat i vertebrat\u201d<\/strong>. En aquest sentit, Boquete defineix la futura passarel\u00b7la com <strong>\u201cun aven\u00e7 significatiu quant a comunicaci\u00f3 i connexi\u00f3 entre les diferents zones i nuclis que integren el poble\u201d <\/strong>i en destaca <strong>\u201cles oportunitats que pot generar a ve\u00efns i visitants de cara a gaudir dels encants naturals i paisatg\u00edstics que ofereix Masquefa\u201d<\/strong>.<\/p>\n<p>Els treballs consistiran en la <strong>construcci\u00f3 d\u2019una passera central met\u00e0l\u00b7lica sobre el torrent<\/strong> de 78,30 metres de longitud i <strong>dues passeres de fusta<\/strong> de 80,50 m. en total, amb un nou itinerari d\u2019un total de 230 m. de longitud i 3 m. d\u2019amplada.<\/p>\n<p>Per a creuar els torrents existents s\u2019utilitzaran estructures sense piles interm\u00e8dies que permetran respectar els condicionants hidr\u00e0ulics i es realitzar\u00e0 un disseny respectu\u00f3s amb l\u2019entorn natural per evitar l\u2019impacte ambiental sobre el territori. A m\u00e9s, es donar\u00e0 prefer\u00e8ncia a materials naturals i ecol\u00f2gics i amb facilitat de manteniment.<\/p>\n","protected":false},"excerpt":{"rendered":"<p>L\u2019objectiu del consistori \u00e9s iniciar aquest 2018 la construcci\u00f3 d\u2019una passarel\u00b7la que unir\u00e0 ambdues urbanitzacions i que permetr\u00e0 als ve\u00efns creuar de punta a punta el municipi sense necessitat de transitar per la carretera. L\u2019Ajuntament de Masquefa t\u00e9 previst iniciar enguany les obres de construcci\u00f3 d\u2019una passarel\u00b7la que uneixi Can Quiser\u00f3 i El Maset. Dimarts&hellip;<\/p>\n","protected":false},"author":7,"featured_media":21487,"comment_status":"closed","ping_status":"open","sticky":false,"template":"","format":"standard","meta":[],"categories":[96,1,73],"tags":[],"_links":{"self":[{"href":"https:\/\/masquefa.cat\/noticies\/wp-json\/wp\/v2\/posts\/21486"}],"collection":[{"href":"https:\/\/masquefa.cat\/noticies\/wp-json\/wp\/v2\/posts"}],"about":[{"href":"https:\/\/masquefa.cat\/noticies\/wp-json\/wp\/v2\/types\/post"}],"author":[{"embeddable":true,"href":"https:\/\/masquefa.cat\/noticies\/wp-json\/wp\/v2\/users\/7"}],"replies":[{"embeddable":true,"href":"https:\/\/masquefa.cat\/noticies\/wp-json\/wp\/v2\/comments?post=21486"}],"version-history":[{"count":1,"href":"https:\/\/masquefa.cat\/noticies\/wp-json\/wp\/v2\/posts\/21486\/revisions"}],"predecessor-version":[{"id":21488,"href":"https:\/\/masquefa.cat\/noticies\/wp-json\/wp\/v2\/posts\/21486\/revisions\/21488"}],"wp:featuredmedia":[{"embeddable":true,"href":"https:\/\/masquefa.cat\/noticies\/wp-json\/wp\/v2\/media\/21487"}],"wp:attachment":[{"href":"https:\/\/masquefa.cat\/noticies\/wp-json\/wp\/v2\/media?parent=21486"}],"wp:term":[{"taxonomy":"category","embeddable":true,"href":"https:\/\/masquefa.cat\/noticies\/wp-json\/wp\/v2\/categories?post=21486"},{"taxonomy":"post_tag","embeddable":true,"href":"https:\/\/masquefa.cat\/noticies\/wp-json\/wp\/v2\/tags?post=21486"}],"curies":[{"name":"wp","href":"https:\/\/api.w.org\/{rel}","templated":true}]}}