{"id":21749,"date":"2018-08-13T08:38:15","date_gmt":"2018-08-13T06:38:15","guid":{"rendered":"http:\/\/masquefa.cat\/noticies\/?p=21749"},"modified":"2018-08-13T08:38:15","modified_gmt":"2018-08-13T06:38:15","slug":"lajuntament-duu-a-terme-tasques-de-fumigacio-preventives-a-larbrat-municipal-2","status":"publish","type":"post","link":"https:\/\/masquefa.cat\/noticies\/lajuntament-duu-a-terme-tasques-de-fumigacio-preventives-a-larbrat-municipal-2\/","title":{"rendered":"L\u2019Ajuntament duu a terme tasques de fumigaci\u00f3 preventives a l\u2019arbrat municipal"},"content":{"rendered":"<p><strong>L\u2019actuaci\u00f3 <\/strong><strong>permet combatre de forma preventiva plagues com ara el pug\u00f3, la caparreta, la negreta, l\u2019assecada del xiprer i el morrut de les palmeres. \u00a0<\/strong><\/p>\n<p>L\u2019Ajuntament de Masquefa duu a terme aquest mes d\u2019agost noves <strong>tasques de fumigaci\u00f3 de l\u2019arbrat municipal<\/strong> amb l\u2019objectiu de\u00a0<strong>garantir la salut p\u00fablica de tots els ciutadans i d\u2019actuar preventivament contra la possible proliferaci\u00f3 de plagues pernicioses<\/strong>.<\/p>\n<p>La fumigaci\u00f3 s\u2019aplica a l\u2019arbrat viari i al dels parcs i jardins municipals amb productes autoritzats pel Ministeri d\u2019Agricultura i permet combatre de forma preventiva plagues com ara el <strong>pug\u00f3, la caparreta, la negreta, l\u2019assecada del xiprer i el morrut de les palmeres<\/strong>.<\/p>\n<p><strong><u>El consistori <\/u><\/strong><strong><u>actua per controlar les poblacions de mosquits a l\u2019espai p\u00fablic<\/u><\/strong><\/p>\n<p>En paral\u00b7lel a aquestes tasques, l\u2019Ajuntament tamb\u00e9 segueix treballant per a <strong>evitar la proliferaci\u00f3 de mosquits i contenir el mosquit tigre <\/strong>arreu del municipi. Aix\u00ed,\u00a1, el consistori duu a terme peri\u00f2dicament una tasca intensa de <strong>control i vigil\u00e0ncia d&#8217;eventuals focus de proliferaci\u00f3<\/strong>; aix\u00ed com la <strong>fumigaci\u00f3 de les zones p\u00fabliques i equipaments municipals <\/strong>on aquests insectes tenen m\u00e9s pres\u00e8ncia amb l\u2019objectiu de controlar-ne la poblaci\u00f3.<\/p>\n","protected":false},"excerpt":{"rendered":"<p>L\u2019actuaci\u00f3 permet combatre de forma preventiva plagues com ara el pug\u00f3, la caparreta, la negreta, l\u2019assecada del xiprer i el morrut de les palmeres. \u00a0 L\u2019Ajuntament de Masquefa duu a terme aquest mes d\u2019agost noves tasques de fumigaci\u00f3 de l\u2019arbrat municipal amb l\u2019objectiu de\u00a0garantir la salut p\u00fablica de tots els ciutadans i d\u2019actuar preventivament contra&hellip;<\/p>\n","protected":false},"author":7,"featured_media":21750,"comment_status":"closed","ping_status":"open","sticky":false,"template":"","format":"standard","meta":[],"categories":[96,1,69],"tags":[],"_links":{"self":[{"href":"https:\/\/masquefa.cat\/noticies\/wp-json\/wp\/v2\/posts\/21749"}],"collection":[{"href":"https:\/\/masquefa.cat\/noticies\/wp-json\/wp\/v2\/posts"}],"about":[{"href":"https:\/\/masquefa.cat\/noticies\/wp-json\/wp\/v2\/types\/post"}],"author":[{"embeddable":true,"href":"https:\/\/masquefa.cat\/noticies\/wp-json\/wp\/v2\/users\/7"}],"replies":[{"embeddable":true,"href":"https:\/\/masquefa.cat\/noticies\/wp-json\/wp\/v2\/comments?post=21749"}],"version-history":[{"count":1,"href":"https:\/\/masquefa.cat\/noticies\/wp-json\/wp\/v2\/posts\/21749\/revisions"}],"predecessor-version":[{"id":21751,"href":"https:\/\/masquefa.cat\/noticies\/wp-json\/wp\/v2\/posts\/21749\/revisions\/21751"}],"wp:featuredmedia":[{"embeddable":true,"href":"https:\/\/masquefa.cat\/noticies\/wp-json\/wp\/v2\/media\/21750"}],"wp:attachment":[{"href":"https:\/\/masquefa.cat\/noticies\/wp-json\/wp\/v2\/media?parent=21749"}],"wp:term":[{"taxonomy":"category","embeddable":true,"href":"https:\/\/masquefa.cat\/noticies\/wp-json\/wp\/v2\/categories?post=21749"},{"taxonomy":"post_tag","embeddable":true,"href":"https:\/\/masquefa.cat\/noticies\/wp-json\/wp\/v2\/tags?post=21749"}],"curies":[{"name":"wp","href":"https:\/\/api.w.org\/{rel}","templated":true}]}}